{"id":2133,"date":"2017-02-13T01:55:17","date_gmt":"2017-02-13T01:55:17","guid":{"rendered":"http:\/\/plusvertailleurs.com\/?p=2133"},"modified":"2017-02-13T01:55:17","modified_gmt":"2017-02-13T01:55:17","slug":"les-musees-de-venise","status":"publish","type":"post","link":"https:\/\/plusvertailleurs.com\/index.php\/2017\/02\/13\/les-musees-de-venise\/","title":{"rendered":"Les mus\u00e9es de Venise"},"content":{"rendered":"<p style=\"text-align: justify;\">Dans quelques heures la <strong>St-Valentin<\/strong>, plusieurs s\u2019envoleront pour l\u2019une des villes les plus romantiques au monde, <strong>Venise<\/strong>. Si vous n\u2019\u00eates pas du genre \u00e0 vous boucler dans une chambre d\u2019h\u00f4tel, yeux dans les yeux et qu\u2019une petite escapade mus\u00e9ale vous int\u00e9resse, voici notre <strong>top 4<\/strong> des mus\u00e9es les plus int\u00e9ressants de <strong>Venise<\/strong>.<\/p>\n<div class=\"pullquote pullquote-left\">\nLe mus\u00e9e d\u2019histoire naturelle Mus\u00e9e Ca&rsquo; Separo<br \/>\n<\/div>\n<p style=\"text-align: justify;\"><strong>Notre coup de c\u0153ur !<\/strong> En semaine, le mus\u00e9e d&rsquo;histoire naturelle \u00e9tait vide (malheureusement pour eux et heureusement pour nous). Il comporte une \u00e9tonnante collection d\u2019ossements. Un conseil, ne prenez pas de photos avec flash car les gardiens (qui ont probablement pas autre chose \u00e0 faire), vont fortement vous gronder!<\/p>\n<p style=\"text-align: justify;\">Ce mus\u00e9e restera probablement l\u2019un des plus beaux mus\u00e9es d\u2019histoire de tous mes voyages. \u00c0 faire en famille ou en amoureux, vous ne serez pas d\u00e9\u00e7u !<a href=\"https:\/\/plusvertailleurs.com\/wp-content\/uploads\/2017\/02\/DSC02196.jpg\"><img loading=\"lazy\" decoding=\"async\" class=\"aligncenter size-large wp-image-2141\" src=\"https:\/\/plusvertailleurs.com\/wp-content\/uploads\/2017\/02\/DSC02196-850x566.jpg\" alt=\"DSC02196\" width=\"849\" height=\"565\" srcset=\"https:\/\/plusvertailleurs.com\/wp-content\/uploads\/2017\/02\/DSC02196-850x566.jpg 850w, https:\/\/plusvertailleurs.com\/wp-content\/uploads\/2017\/02\/DSC02196-300x200.jpg 300w, https:\/\/plusvertailleurs.com\/wp-content\/uploads\/2017\/02\/DSC02196-768x511.jpg 768w, https:\/\/plusvertailleurs.com\/wp-content\/uploads\/2017\/02\/DSC02196-1536x1022.jpg 1536w, https:\/\/plusvertailleurs.com\/wp-content\/uploads\/2017\/02\/DSC02196-2048x1363.jpg 2048w\" sizes=\"auto, (max-width: 849px) 100vw, 849px\" \/><\/a><\/p>\n<p><a href=\"https:\/\/plusvertailleurs.com\/wp-content\/uploads\/2017\/02\/DSC02176.jpg\"><img loading=\"lazy\" decoding=\"async\" class=\"aligncenter size-large wp-image-2140\" src=\"https:\/\/plusvertailleurs.com\/wp-content\/uploads\/2017\/02\/DSC02176-850x566.jpg\" alt=\"DSC02176\" width=\"849\" height=\"565\" srcset=\"https:\/\/plusvertailleurs.com\/wp-content\/uploads\/2017\/02\/DSC02176-850x566.jpg 850w, https:\/\/plusvertailleurs.com\/wp-content\/uploads\/2017\/02\/DSC02176-300x200.jpg 300w, https:\/\/plusvertailleurs.com\/wp-content\/uploads\/2017\/02\/DSC02176-768x511.jpg 768w, https:\/\/plusvertailleurs.com\/wp-content\/uploads\/2017\/02\/DSC02176-1536x1022.jpg 1536w, https:\/\/plusvertailleurs.com\/wp-content\/uploads\/2017\/02\/DSC02176-2048x1363.jpg 2048w\" sizes=\"auto, (max-width: 849px) 100vw, 849px\" \/><\/a><\/p>\n<p>\u00c0 la fin du parcours, le mus\u00e9e abrite un joli petit jardin o\u00f9 vous pouvez vous reposer et admirer des n\u00e9nuphars<\/p>\n<p><a href=\"https:\/\/plusvertailleurs.com\/wp-content\/uploads\/2017\/02\/DSC02207.jpg\"><img loading=\"lazy\" decoding=\"async\" class=\"aligncenter size-large wp-image-2142\" src=\"https:\/\/plusvertailleurs.com\/wp-content\/uploads\/2017\/02\/DSC02207-850x566.jpg\" alt=\"DSC02207\" width=\"849\" height=\"565\" srcset=\"https:\/\/plusvertailleurs.com\/wp-content\/uploads\/2017\/02\/DSC02207-850x566.jpg 850w, https:\/\/plusvertailleurs.com\/wp-content\/uploads\/2017\/02\/DSC02207-300x200.jpg 300w, https:\/\/plusvertailleurs.com\/wp-content\/uploads\/2017\/02\/DSC02207-768x511.jpg 768w, https:\/\/plusvertailleurs.com\/wp-content\/uploads\/2017\/02\/DSC02207-1536x1022.jpg 1536w, https:\/\/plusvertailleurs.com\/wp-content\/uploads\/2017\/02\/DSC02207-2048x1363.jpg 2048w\" sizes=\"auto, (max-width: 849px) 100vw, 849px\" \/><\/a><\/p>\n<div class=\"pullquote pullquote-left\">\nLe mus\u00e9e Ca&rsquo; Separo<br \/>\n<\/div>\n<p><a href=\"https:\/\/plusvertailleurs.com\/wp-content\/uploads\/2017\/02\/Ca_pesaro_venise.jpg\"><img loading=\"lazy\" decoding=\"async\" class=\"aligncenter size-large wp-image-2137\" src=\"https:\/\/plusvertailleurs.com\/wp-content\/uploads\/2017\/02\/Ca_pesaro_venise-850x566.jpg\" alt=\"Ca_pesaro_venise\" width=\"849\" height=\"565\" srcset=\"https:\/\/plusvertailleurs.com\/wp-content\/uploads\/2017\/02\/Ca_pesaro_venise-850x566.jpg 850w, https:\/\/plusvertailleurs.com\/wp-content\/uploads\/2017\/02\/Ca_pesaro_venise-300x200.jpg 300w, https:\/\/plusvertailleurs.com\/wp-content\/uploads\/2017\/02\/Ca_pesaro_venise-768x511.jpg 768w, https:\/\/plusvertailleurs.com\/wp-content\/uploads\/2017\/02\/Ca_pesaro_venise-1536x1022.jpg 1536w, https:\/\/plusvertailleurs.com\/wp-content\/uploads\/2017\/02\/Ca_pesaro_venise-2048x1363.jpg 2048w\" sizes=\"auto, (max-width: 849px) 100vw, 849px\" \/><\/a><\/p>\n<p><a href=\"https:\/\/plusvertailleurs.com\/wp-content\/uploads\/2017\/02\/DSC02263.jpg\"><img loading=\"lazy\" decoding=\"async\" class=\"aligncenter size-large wp-image-2164\" src=\"https:\/\/plusvertailleurs.com\/wp-content\/uploads\/2017\/02\/DSC02263-850x566.jpg\" alt=\"DSC02263\" width=\"849\" height=\"565\" srcset=\"https:\/\/plusvertailleurs.com\/wp-content\/uploads\/2017\/02\/DSC02263-850x566.jpg 850w, https:\/\/plusvertailleurs.com\/wp-content\/uploads\/2017\/02\/DSC02263-300x200.jpg 300w, https:\/\/plusvertailleurs.com\/wp-content\/uploads\/2017\/02\/DSC02263-768x511.jpg 768w, https:\/\/plusvertailleurs.com\/wp-content\/uploads\/2017\/02\/DSC02263-1536x1022.jpg 1536w, https:\/\/plusvertailleurs.com\/wp-content\/uploads\/2017\/02\/DSC02263-2048x1363.jpg 2048w\" sizes=\"auto, (max-width: 849px) 100vw, 849px\" \/><\/a><\/p>\n<p style=\"text-align: justify;\">C&rsquo;est un \u00e9trange mus\u00e9e o\u00f9 l&rsquo;on y abrite une collection d&rsquo;<strong>art moderne<\/strong> avec une collection d&rsquo;<strong>art orientale<\/strong>. Dans les plus grands noms, on y retrouve Chagall, Rodin, Andy Warhol et\u00a0Rauschenberg. Pour la collection d&rsquo;art orientale, vous devez aimer les \u00e9p\u00e9es et les armures. La collection d&rsquo;armes de guerre est impressionnante, mais on y retrouve aussi beaucoup de porcelaine chinoise.<\/p>\n<div class=\"pullquote pullquote-left\">\nLa maison Goldoni<br \/>\n<\/div>\n<p style=\"text-align: justify;\"><a href=\"https:\/\/plusvertailleurs.com\/wp-content\/uploads\/2017\/02\/DSC02293.jpg\"><img loading=\"lazy\" decoding=\"async\" class=\"aligncenter size-large wp-image-2144\" src=\"https:\/\/plusvertailleurs.com\/wp-content\/uploads\/2017\/02\/DSC02293-850x566.jpg\" alt=\"DSC02293\" width=\"849\" height=\"565\" srcset=\"https:\/\/plusvertailleurs.com\/wp-content\/uploads\/2017\/02\/DSC02293-850x566.jpg 850w, https:\/\/plusvertailleurs.com\/wp-content\/uploads\/2017\/02\/DSC02293-300x200.jpg 300w, https:\/\/plusvertailleurs.com\/wp-content\/uploads\/2017\/02\/DSC02293-768x511.jpg 768w, https:\/\/plusvertailleurs.com\/wp-content\/uploads\/2017\/02\/DSC02293-1536x1022.jpg 1536w, https:\/\/plusvertailleurs.com\/wp-content\/uploads\/2017\/02\/DSC02293-2048x1363.jpg 2048w\" sizes=\"auto, (max-width: 849px) 100vw, 849px\" \/><\/a>L\u00e0 vraiment, c&rsquo;\u00e9tait d\u00e9sert lors de notre passage&#8230; Aucun touriste \u00e0 l&rsquo;horizon. Pourtant cette propri\u00e9t\u00e9 poss\u00e8de une architecture et une d\u00e9coration importante, comme son puits et son escalier gothique qui sortent tout droit d&rsquo;un film d&rsquo;\u00e9poque.<\/p>\n<p style=\"text-align: justify;\"><a href=\"https:\/\/plusvertailleurs.com\/wp-content\/uploads\/2017\/02\/DSC02300.jpg\"><img loading=\"lazy\" decoding=\"async\" class=\"aligncenter size-large wp-image-2146\" src=\"https:\/\/plusvertailleurs.com\/wp-content\/uploads\/2017\/02\/DSC02300-850x566.jpg\" alt=\"DSC02300\" width=\"849\" height=\"565\" srcset=\"https:\/\/plusvertailleurs.com\/wp-content\/uploads\/2017\/02\/DSC02300-850x566.jpg 850w, https:\/\/plusvertailleurs.com\/wp-content\/uploads\/2017\/02\/DSC02300-300x200.jpg 300w, https:\/\/plusvertailleurs.com\/wp-content\/uploads\/2017\/02\/DSC02300-768x511.jpg 768w, https:\/\/plusvertailleurs.com\/wp-content\/uploads\/2017\/02\/DSC02300-1536x1022.jpg 1536w, https:\/\/plusvertailleurs.com\/wp-content\/uploads\/2017\/02\/DSC02300-2048x1363.jpg 2048w\" sizes=\"auto, (max-width: 849px) 100vw, 849px\" \/><\/a><\/p>\n<p style=\"text-align: justify;\">Comme Goldoni \u00e9crivait pour le th\u00e9\u00e2tre, l&rsquo;une des salles expose des marionnettes v\u00e9nitiennes. Tr\u00e8s simple comme mus\u00e9e, il vaut quand m\u00eame le d\u00e9tour pour d\u00e9couvrir les caract\u00e9ristiques de l\u2019architecture gothique \u00e0 Venise et pour se prendre en photo dans son escalier !<\/p>\n<p style=\"text-align: justify;\"><div class=\"pullquote pullquote-left\">\nCaf\u00e9<br \/>\n<\/div>\n<p style=\"text-align: justify;\">Entre deux mus\u00e9es n&rsquo;h\u00e9sitez pas \u00e0 vous perdre dans les petites rues de Venise pour y boire un caf\u00e9&#8230; S\u00e9rieux je prendrais l&rsquo;avion juste pour revivre ces moments !<\/p>\n<p style=\"text-align: justify;\"><a href=\"https:\/\/plusvertailleurs.com\/wp-content\/uploads\/2017\/02\/cafe_venise.jpg\"><img loading=\"lazy\" decoding=\"async\" class=\"aligncenter size-large wp-image-2147\" src=\"https:\/\/plusvertailleurs.com\/wp-content\/uploads\/2017\/02\/cafe_venise-850x510.jpg\" alt=\"cafe_venise\" width=\"849\" height=\"509\" srcset=\"https:\/\/plusvertailleurs.com\/wp-content\/uploads\/2017\/02\/cafe_venise-850x510.jpg 850w, https:\/\/plusvertailleurs.com\/wp-content\/uploads\/2017\/02\/cafe_venise-300x180.jpg 300w, https:\/\/plusvertailleurs.com\/wp-content\/uploads\/2017\/02\/cafe_venise-768x461.jpg 768w, https:\/\/plusvertailleurs.com\/wp-content\/uploads\/2017\/02\/cafe_venise-1536x922.jpg 1536w, https:\/\/plusvertailleurs.com\/wp-content\/uploads\/2017\/02\/cafe_venise-2048x1229.jpg 2048w\" sizes=\"auto, (max-width: 849px) 100vw, 849px\" \/><\/a><\/p>\n<p style=\"text-align: justify;\"><div class=\"pullquote pullquote-left\">\nMus\u00e9e Moncenigo<br \/>\n<\/div>\n<p style=\"text-align: justify;\"><a href=\"https:\/\/plusvertailleurs.com\/wp-content\/uploads\/2017\/02\/Muse_Mocenigo_venise.jpg\"><img loading=\"lazy\" decoding=\"async\" class=\"aligncenter size-large wp-image-2145\" src=\"https:\/\/plusvertailleurs.com\/wp-content\/uploads\/2017\/02\/Muse_Mocenigo_venise-850x566.jpg\" alt=\"Muse_Mocenigo_venise\" width=\"849\" height=\"565\" srcset=\"https:\/\/plusvertailleurs.com\/wp-content\/uploads\/2017\/02\/Muse_Mocenigo_venise-850x566.jpg 850w, https:\/\/plusvertailleurs.com\/wp-content\/uploads\/2017\/02\/Muse_Mocenigo_venise-300x200.jpg 300w, https:\/\/plusvertailleurs.com\/wp-content\/uploads\/2017\/02\/Muse_Mocenigo_venise-768x511.jpg 768w, https:\/\/plusvertailleurs.com\/wp-content\/uploads\/2017\/02\/Muse_Mocenigo_venise-1536x1022.jpg 1536w, https:\/\/plusvertailleurs.com\/wp-content\/uploads\/2017\/02\/Muse_Mocenigo_venise-2048x1363.jpg 2048w\" sizes=\"auto, (max-width: 849px) 100vw, 849px\" \/><\/a><\/p>\n<p style=\"text-align: justify;\">Extr\u00eamement int\u00e9ressant si vous \u00eates un adepte de parfum et de v\u00eatements d&rsquo;\u00e9poque. Dans ce palais vous voguerez sur tous les aspects de la vie v\u00e9nitienne. Un incontournable pour bien comprendre la ville.<\/p>\n<div class=\"pullquote pullquote-left\">\nLe passe-mus\u00e9e<br \/>\n<\/div>\n<p style=\"text-align: justify;\">Pour les 10% des voyageurs qui d\u00e9cident de passer plus de 3 jours dans la cit\u00e9 des Doges, l\u2019option d\u2019une passe mus\u00e9e est fortement envisageable. La ville de Venise l&rsquo;offre \u00e0 24 euros (18 euros pour les \u00e9tudiants et les personnes de plus de 65 ans). Cette passe donne l\u2019acc\u00e8s \u00e0 <strong>11 mus\u00e9es<\/strong> et reste valide <strong>6 mois,\u00a0<\/strong>\u00e7a vous laisse la chance de revenir, car <strong>Venise a \u00e9norm\u00e9ment \u00e0 offrir<\/strong>.<\/p>\n<p style=\"text-align: justify;\"><a href=\"https:\/\/plusvertailleurs.com\/wp-content\/uploads\/2017\/02\/DSC01842.jpg\"><img loading=\"lazy\" decoding=\"async\" class=\"aligncenter size-large wp-image-2139\" src=\"https:\/\/plusvertailleurs.com\/wp-content\/uploads\/2017\/02\/DSC01842-850x566.jpg\" alt=\"DSC01842\" width=\"849\" height=\"565\" srcset=\"https:\/\/plusvertailleurs.com\/wp-content\/uploads\/2017\/02\/DSC01842-850x566.jpg 850w, https:\/\/plusvertailleurs.com\/wp-content\/uploads\/2017\/02\/DSC01842-300x200.jpg 300w, https:\/\/plusvertailleurs.com\/wp-content\/uploads\/2017\/02\/DSC01842-768x511.jpg 768w, https:\/\/plusvertailleurs.com\/wp-content\/uploads\/2017\/02\/DSC01842-1536x1022.jpg 1536w, https:\/\/plusvertailleurs.com\/wp-content\/uploads\/2017\/02\/DSC01842-2048x1363.jpg 2048w\" sizes=\"auto, (max-width: 849px) 100vw, 849px\" \/><\/a><\/p>\n<p>&nbsp;<\/p>\n","protected":false},"excerpt":{"rendered":"<p>Dans quelques heures la St-Valentin, plusieurs s\u2019envoleront pour l\u2019une des villes les plus romantiques au monde, Venise. Si vous n\u2019\u00eates pas du genre \u00e0 vous boucler dans une chambre d\u2019h\u00f4tel, yeux dans les yeux et qu\u2019une petite escapade mus\u00e9ale vous int\u00e9resse, voici notre top 4 des mus\u00e9es les plus int\u00e9ressants de Venise. Notre coup de [&hellip;]<\/p>\n","protected":false},"author":2,"featured_media":2134,"comment_status":"open","ping_status":"open","sticky":false,"template":"","format":"standard","meta":{"footnotes":""},"categories":[15,49],"tags":[97,103,209,233,234,236,237,262,340],"class_list":["post-2133","post","type-post","status-publish","format-standard","has-post-thumbnail","hentry","category-italie","category-venise","tag-burano","tag-carlo-goldoni","tag-maison-goldoni","tag-musee-ca-separo","tag-musee-de-science-naturelle","tag-musee-moncenigo","tag-musees","tag-pass-musee","tag-venise"],"yoast_head":"<!-- This site is optimized with the Yoast SEO plugin v27.5 - https:\/\/yoast.com\/product\/yoast-seo-wordpress\/ -->\n<title>Les mus\u00e9es de Venise - Plus vert ailleurs<\/title>\n<meta name=\"robots\" content=\"index, follow, max-snippet:-1, max-image-preview:large, max-video-preview:-1\" \/>\n<link rel=\"canonical\" href=\"https:\/\/plusvertailleurs.com\/index.php\/2017\/02\/13\/les-musees-de-venise\/\" \/>\n<meta property=\"og:locale\" content=\"fr_FR\" \/>\n<meta property=\"og:type\" content=\"article\" \/>\n<meta property=\"og:title\" content=\"Les mus\u00e9es de Venise - Plus vert ailleurs\" \/>\n<meta property=\"og:description\" content=\"Dans quelques heures la St-Valentin, plusieurs s\u2019envoleront pour l\u2019une des villes les plus romantiques au monde, Venise. Si vous n\u2019\u00eates pas du genre \u00e0 vous boucler dans une chambre d\u2019h\u00f4tel, yeux dans les yeux et qu\u2019une petite escapade mus\u00e9ale vous int\u00e9resse, voici notre top 4 des mus\u00e9es les plus int\u00e9ressants de Venise. Notre coup de [&hellip;]\" \/>\n<meta property=\"og:url\" content=\"https:\/\/plusvertailleurs.com\/index.php\/2017\/02\/13\/les-musees-de-venise\/\" \/>\n<meta property=\"og:site_name\" content=\"Plus vert ailleurs\" \/>\n<meta property=\"article:published_time\" content=\"2017-02-13T01:55:17+00:00\" \/>\n<meta property=\"og:image\" content=\"https:\/\/plusvertailleurs.com\/wp-content\/uploads\/2017\/02\/veniseetsesmusees-scaled.jpg\" \/>\n\t<meta property=\"og:image:width\" content=\"2560\" \/>\n\t<meta property=\"og:image:height\" content=\"1704\" \/>\n\t<meta property=\"og:image:type\" content=\"image\/jpeg\" \/>\n<meta name=\"author\" content=\"Chantale\" \/>\n<meta name=\"twitter:card\" content=\"summary_large_image\" \/>\n<meta name=\"twitter:label1\" content=\"\u00c9crit par\" \/>\n\t<meta name=\"twitter:data1\" content=\"Chantale\" \/>\n\t<meta name=\"twitter:label2\" content=\"Dur\u00e9e de lecture estim\u00e9e\" \/>\n\t<meta name=\"twitter:data2\" content=\"2 minutes\" \/>\n<script type=\"application\/ld+json\" class=\"yoast-schema-graph\">{\"@context\":\"https:\\\/\\\/schema.org\",\"@graph\":[{\"@type\":\"Article\",\"@id\":\"https:\\\/\\\/plusvertailleurs.com\\\/index.php\\\/2017\\\/02\\\/13\\\/les-musees-de-venise\\\/#article\",\"isPartOf\":{\"@id\":\"https:\\\/\\\/plusvertailleurs.com\\\/index.php\\\/2017\\\/02\\\/13\\\/les-musees-de-venise\\\/\"},\"author\":{\"name\":\"Chantale\",\"@id\":\"https:\\\/\\\/plusvertailleurs.com\\\/#\\\/schema\\\/person\\\/817bd7f1199e438a5af016107ebef360\"},\"headline\":\"Les mus\u00e9es de Venise\",\"datePublished\":\"2017-02-13T01:55:17+00:00\",\"mainEntityOfPage\":{\"@id\":\"https:\\\/\\\/plusvertailleurs.com\\\/index.php\\\/2017\\\/02\\\/13\\\/les-musees-de-venise\\\/\"},\"wordCount\":508,\"commentCount\":0,\"publisher\":{\"@id\":\"https:\\\/\\\/plusvertailleurs.com\\\/#organization\"},\"image\":{\"@id\":\"https:\\\/\\\/plusvertailleurs.com\\\/index.php\\\/2017\\\/02\\\/13\\\/les-musees-de-venise\\\/#primaryimage\"},\"thumbnailUrl\":\"https:\\\/\\\/plusvertailleurs.com\\\/wp-content\\\/uploads\\\/2017\\\/02\\\/veniseetsesmusees-scaled.jpg\",\"keywords\":[\"burano\",\"carlo goldoni\",\"maison Goldoni\",\"mus\u00e9e Ca' Separo\",\"mus\u00e9e de science naturelle\",\"Mus\u00e9e Moncenigo\",\"mus\u00e9es\",\"pass-mus\u00e9e\",\"Venise\"],\"articleSection\":[\"Italie\",\"Venise\"],\"inLanguage\":\"fr-FR\",\"potentialAction\":[{\"@type\":\"CommentAction\",\"name\":\"Comment\",\"target\":[\"https:\\\/\\\/plusvertailleurs.com\\\/index.php\\\/2017\\\/02\\\/13\\\/les-musees-de-venise\\\/#respond\"]}]},{\"@type\":\"WebPage\",\"@id\":\"https:\\\/\\\/plusvertailleurs.com\\\/index.php\\\/2017\\\/02\\\/13\\\/les-musees-de-venise\\\/\",\"url\":\"https:\\\/\\\/plusvertailleurs.com\\\/index.php\\\/2017\\\/02\\\/13\\\/les-musees-de-venise\\\/\",\"name\":\"Les mus\u00e9es de Venise - Plus vert ailleurs\",\"isPartOf\":{\"@id\":\"https:\\\/\\\/plusvertailleurs.com\\\/#website\"},\"primaryImageOfPage\":{\"@id\":\"https:\\\/\\\/plusvertailleurs.com\\\/index.php\\\/2017\\\/02\\\/13\\\/les-musees-de-venise\\\/#primaryimage\"},\"image\":{\"@id\":\"https:\\\/\\\/plusvertailleurs.com\\\/index.php\\\/2017\\\/02\\\/13\\\/les-musees-de-venise\\\/#primaryimage\"},\"thumbnailUrl\":\"https:\\\/\\\/plusvertailleurs.com\\\/wp-content\\\/uploads\\\/2017\\\/02\\\/veniseetsesmusees-scaled.jpg\",\"datePublished\":\"2017-02-13T01:55:17+00:00\",\"breadcrumb\":{\"@id\":\"https:\\\/\\\/plusvertailleurs.com\\\/index.php\\\/2017\\\/02\\\/13\\\/les-musees-de-venise\\\/#breadcrumb\"},\"inLanguage\":\"fr-FR\",\"potentialAction\":[{\"@type\":\"ReadAction\",\"target\":[\"https:\\\/\\\/plusvertailleurs.com\\\/index.php\\\/2017\\\/02\\\/13\\\/les-musees-de-venise\\\/\"]}]},{\"@type\":\"ImageObject\",\"inLanguage\":\"fr-FR\",\"@id\":\"https:\\\/\\\/plusvertailleurs.com\\\/index.php\\\/2017\\\/02\\\/13\\\/les-musees-de-venise\\\/#primaryimage\",\"url\":\"https:\\\/\\\/plusvertailleurs.com\\\/wp-content\\\/uploads\\\/2017\\\/02\\\/veniseetsesmusees-scaled.jpg\",\"contentUrl\":\"https:\\\/\\\/plusvertailleurs.com\\\/wp-content\\\/uploads\\\/2017\\\/02\\\/veniseetsesmusees-scaled.jpg\",\"width\":2560,\"height\":1704},{\"@type\":\"BreadcrumbList\",\"@id\":\"https:\\\/\\\/plusvertailleurs.com\\\/index.php\\\/2017\\\/02\\\/13\\\/les-musees-de-venise\\\/#breadcrumb\",\"itemListElement\":[{\"@type\":\"ListItem\",\"position\":1,\"name\":\"Accueil\",\"item\":\"https:\\\/\\\/plusvertailleurs.com\\\/\"},{\"@type\":\"ListItem\",\"position\":2,\"name\":\"Les mus\u00e9es de Venise\"}]},{\"@type\":\"WebSite\",\"@id\":\"https:\\\/\\\/plusvertailleurs.com\\\/#website\",\"url\":\"https:\\\/\\\/plusvertailleurs.com\\\/\",\"name\":\"Plus vert ailleurs\",\"description\":\"\",\"publisher\":{\"@id\":\"https:\\\/\\\/plusvertailleurs.com\\\/#organization\"},\"potentialAction\":[{\"@type\":\"SearchAction\",\"target\":{\"@type\":\"EntryPoint\",\"urlTemplate\":\"https:\\\/\\\/plusvertailleurs.com\\\/?s={search_term_string}\"},\"query-input\":{\"@type\":\"PropertyValueSpecification\",\"valueRequired\":true,\"valueName\":\"search_term_string\"}}],\"inLanguage\":\"fr-FR\"},{\"@type\":\"Organization\",\"@id\":\"https:\\\/\\\/plusvertailleurs.com\\\/#organization\",\"name\":\"Plus vert ailleurs\",\"url\":\"https:\\\/\\\/plusvertailleurs.com\\\/\",\"logo\":{\"@type\":\"ImageObject\",\"inLanguage\":\"fr-FR\",\"@id\":\"https:\\\/\\\/plusvertailleurs.com\\\/#\\\/schema\\\/logo\\\/image\\\/\",\"url\":\"https:\\\/\\\/plusvertailleurs.com\\\/wp-content\\\/uploads\\\/2022\\\/12\\\/cropped-logo_1.png\",\"contentUrl\":\"https:\\\/\\\/plusvertailleurs.com\\\/wp-content\\\/uploads\\\/2022\\\/12\\\/cropped-logo_1.png\",\"width\":1024,\"height\":420,\"caption\":\"Plus vert ailleurs\"},\"image\":{\"@id\":\"https:\\\/\\\/plusvertailleurs.com\\\/#\\\/schema\\\/logo\\\/image\\\/\"}},{\"@type\":\"Person\",\"@id\":\"https:\\\/\\\/plusvertailleurs.com\\\/#\\\/schema\\\/person\\\/817bd7f1199e438a5af016107ebef360\",\"name\":\"Chantale\",\"image\":{\"@type\":\"ImageObject\",\"inLanguage\":\"fr-FR\",\"@id\":\"https:\\\/\\\/secure.gravatar.com\\\/avatar\\\/c1271f47d31275e70b609d976440838b5e8bddcdf2f510efce67a27e201def5e?s=96&d=mm&r=g\",\"url\":\"https:\\\/\\\/secure.gravatar.com\\\/avatar\\\/c1271f47d31275e70b609d976440838b5e8bddcdf2f510efce67a27e201def5e?s=96&d=mm&r=g\",\"contentUrl\":\"https:\\\/\\\/secure.gravatar.com\\\/avatar\\\/c1271f47d31275e70b609d976440838b5e8bddcdf2f510efce67a27e201def5e?s=96&d=mm&r=g\",\"caption\":\"Chantale\"},\"sameAs\":[\"https:\\\/\\\/plusvertailleurs.com\"],\"url\":\"https:\\\/\\\/plusvertailleurs.com\\\/index.php\\\/author\\\/chantale\\\/\"}]}<\/script>\n<!-- \/ Yoast SEO plugin. -->","yoast_head_json":{"title":"Les mus\u00e9es de Venise - Plus vert ailleurs","robots":{"index":"index","follow":"follow","max-snippet":"max-snippet:-1","max-image-preview":"max-image-preview:large","max-video-preview":"max-video-preview:-1"},"canonical":"https:\/\/plusvertailleurs.com\/index.php\/2017\/02\/13\/les-musees-de-venise\/","og_locale":"fr_FR","og_type":"article","og_title":"Les mus\u00e9es de Venise - Plus vert ailleurs","og_description":"Dans quelques heures la St-Valentin, plusieurs s\u2019envoleront pour l\u2019une des villes les plus romantiques au monde, Venise. Si vous n\u2019\u00eates pas du genre \u00e0 vous boucler dans une chambre d\u2019h\u00f4tel, yeux dans les yeux et qu\u2019une petite escapade mus\u00e9ale vous int\u00e9resse, voici notre top 4 des mus\u00e9es les plus int\u00e9ressants de Venise. Notre coup de [&hellip;]","og_url":"https:\/\/plusvertailleurs.com\/index.php\/2017\/02\/13\/les-musees-de-venise\/","og_site_name":"Plus vert ailleurs","article_published_time":"2017-02-13T01:55:17+00:00","og_image":[{"width":2560,"height":1704,"url":"https:\/\/plusvertailleurs.com\/wp-content\/uploads\/2017\/02\/veniseetsesmusees-scaled.jpg","type":"image\/jpeg"}],"author":"Chantale","twitter_card":"summary_large_image","twitter_misc":{"\u00c9crit par":"Chantale","Dur\u00e9e de lecture estim\u00e9e":"2 minutes"},"schema":{"@context":"https:\/\/schema.org","@graph":[{"@type":"Article","@id":"https:\/\/plusvertailleurs.com\/index.php\/2017\/02\/13\/les-musees-de-venise\/#article","isPartOf":{"@id":"https:\/\/plusvertailleurs.com\/index.php\/2017\/02\/13\/les-musees-de-venise\/"},"author":{"name":"Chantale","@id":"https:\/\/plusvertailleurs.com\/#\/schema\/person\/817bd7f1199e438a5af016107ebef360"},"headline":"Les mus\u00e9es de Venise","datePublished":"2017-02-13T01:55:17+00:00","mainEntityOfPage":{"@id":"https:\/\/plusvertailleurs.com\/index.php\/2017\/02\/13\/les-musees-de-venise\/"},"wordCount":508,"commentCount":0,"publisher":{"@id":"https:\/\/plusvertailleurs.com\/#organization"},"image":{"@id":"https:\/\/plusvertailleurs.com\/index.php\/2017\/02\/13\/les-musees-de-venise\/#primaryimage"},"thumbnailUrl":"https:\/\/plusvertailleurs.com\/wp-content\/uploads\/2017\/02\/veniseetsesmusees-scaled.jpg","keywords":["burano","carlo goldoni","maison Goldoni","mus\u00e9e Ca' Separo","mus\u00e9e de science naturelle","Mus\u00e9e Moncenigo","mus\u00e9es","pass-mus\u00e9e","Venise"],"articleSection":["Italie","Venise"],"inLanguage":"fr-FR","potentialAction":[{"@type":"CommentAction","name":"Comment","target":["https:\/\/plusvertailleurs.com\/index.php\/2017\/02\/13\/les-musees-de-venise\/#respond"]}]},{"@type":"WebPage","@id":"https:\/\/plusvertailleurs.com\/index.php\/2017\/02\/13\/les-musees-de-venise\/","url":"https:\/\/plusvertailleurs.com\/index.php\/2017\/02\/13\/les-musees-de-venise\/","name":"Les mus\u00e9es de Venise - Plus vert ailleurs","isPartOf":{"@id":"https:\/\/plusvertailleurs.com\/#website"},"primaryImageOfPage":{"@id":"https:\/\/plusvertailleurs.com\/index.php\/2017\/02\/13\/les-musees-de-venise\/#primaryimage"},"image":{"@id":"https:\/\/plusvertailleurs.com\/index.php\/2017\/02\/13\/les-musees-de-venise\/#primaryimage"},"thumbnailUrl":"https:\/\/plusvertailleurs.com\/wp-content\/uploads\/2017\/02\/veniseetsesmusees-scaled.jpg","datePublished":"2017-02-13T01:55:17+00:00","breadcrumb":{"@id":"https:\/\/plusvertailleurs.com\/index.php\/2017\/02\/13\/les-musees-de-venise\/#breadcrumb"},"inLanguage":"fr-FR","potentialAction":[{"@type":"ReadAction","target":["https:\/\/plusvertailleurs.com\/index.php\/2017\/02\/13\/les-musees-de-venise\/"]}]},{"@type":"ImageObject","inLanguage":"fr-FR","@id":"https:\/\/plusvertailleurs.com\/index.php\/2017\/02\/13\/les-musees-de-venise\/#primaryimage","url":"https:\/\/plusvertailleurs.com\/wp-content\/uploads\/2017\/02\/veniseetsesmusees-scaled.jpg","contentUrl":"https:\/\/plusvertailleurs.com\/wp-content\/uploads\/2017\/02\/veniseetsesmusees-scaled.jpg","width":2560,"height":1704},{"@type":"BreadcrumbList","@id":"https:\/\/plusvertailleurs.com\/index.php\/2017\/02\/13\/les-musees-de-venise\/#breadcrumb","itemListElement":[{"@type":"ListItem","position":1,"name":"Accueil","item":"https:\/\/plusvertailleurs.com\/"},{"@type":"ListItem","position":2,"name":"Les mus\u00e9es de Venise"}]},{"@type":"WebSite","@id":"https:\/\/plusvertailleurs.com\/#website","url":"https:\/\/plusvertailleurs.com\/","name":"Plus vert ailleurs","description":"","publisher":{"@id":"https:\/\/plusvertailleurs.com\/#organization"},"potentialAction":[{"@type":"SearchAction","target":{"@type":"EntryPoint","urlTemplate":"https:\/\/plusvertailleurs.com\/?s={search_term_string}"},"query-input":{"@type":"PropertyValueSpecification","valueRequired":true,"valueName":"search_term_string"}}],"inLanguage":"fr-FR"},{"@type":"Organization","@id":"https:\/\/plusvertailleurs.com\/#organization","name":"Plus vert ailleurs","url":"https:\/\/plusvertailleurs.com\/","logo":{"@type":"ImageObject","inLanguage":"fr-FR","@id":"https:\/\/plusvertailleurs.com\/#\/schema\/logo\/image\/","url":"https:\/\/plusvertailleurs.com\/wp-content\/uploads\/2022\/12\/cropped-logo_1.png","contentUrl":"https:\/\/plusvertailleurs.com\/wp-content\/uploads\/2022\/12\/cropped-logo_1.png","width":1024,"height":420,"caption":"Plus vert ailleurs"},"image":{"@id":"https:\/\/plusvertailleurs.com\/#\/schema\/logo\/image\/"}},{"@type":"Person","@id":"https:\/\/plusvertailleurs.com\/#\/schema\/person\/817bd7f1199e438a5af016107ebef360","name":"Chantale","image":{"@type":"ImageObject","inLanguage":"fr-FR","@id":"https:\/\/secure.gravatar.com\/avatar\/c1271f47d31275e70b609d976440838b5e8bddcdf2f510efce67a27e201def5e?s=96&d=mm&r=g","url":"https:\/\/secure.gravatar.com\/avatar\/c1271f47d31275e70b609d976440838b5e8bddcdf2f510efce67a27e201def5e?s=96&d=mm&r=g","contentUrl":"https:\/\/secure.gravatar.com\/avatar\/c1271f47d31275e70b609d976440838b5e8bddcdf2f510efce67a27e201def5e?s=96&d=mm&r=g","caption":"Chantale"},"sameAs":["https:\/\/plusvertailleurs.com"],"url":"https:\/\/plusvertailleurs.com\/index.php\/author\/chantale\/"}]}},"_links":{"self":[{"href":"https:\/\/plusvertailleurs.com\/index.php\/wp-json\/wp\/v2\/posts\/2133","targetHints":{"allow":["GET"]}}],"collection":[{"href":"https:\/\/plusvertailleurs.com\/index.php\/wp-json\/wp\/v2\/posts"}],"about":[{"href":"https:\/\/plusvertailleurs.com\/index.php\/wp-json\/wp\/v2\/types\/post"}],"author":[{"embeddable":true,"href":"https:\/\/plusvertailleurs.com\/index.php\/wp-json\/wp\/v2\/users\/2"}],"replies":[{"embeddable":true,"href":"https:\/\/plusvertailleurs.com\/index.php\/wp-json\/wp\/v2\/comments?post=2133"}],"version-history":[{"count":0,"href":"https:\/\/plusvertailleurs.com\/index.php\/wp-json\/wp\/v2\/posts\/2133\/revisions"}],"wp:featuredmedia":[{"embeddable":true,"href":"https:\/\/plusvertailleurs.com\/index.php\/wp-json\/wp\/v2\/media\/2134"}],"wp:attachment":[{"href":"https:\/\/plusvertailleurs.com\/index.php\/wp-json\/wp\/v2\/media?parent=2133"}],"wp:term":[{"taxonomy":"category","embeddable":true,"href":"https:\/\/plusvertailleurs.com\/index.php\/wp-json\/wp\/v2\/categories?post=2133"},{"taxonomy":"post_tag","embeddable":true,"href":"https:\/\/plusvertailleurs.com\/index.php\/wp-json\/wp\/v2\/tags?post=2133"}],"curies":[{"name":"wp","href":"https:\/\/api.w.org\/{rel}","templated":true}]}}