{"id":1647,"date":"2016-02-12T12:10:12","date_gmt":"2016-02-12T12:10:12","guid":{"rendered":"http:\/\/plusvertailleurs.com\/?p=1647"},"modified":"2016-02-12T12:10:12","modified_gmt":"2016-02-12T12:10:12","slug":"paris-sous-ton-ciel-gris","status":"publish","type":"post","link":"https:\/\/plusvertailleurs.com\/index.php\/2016\/02\/12\/paris-sous-ton-ciel-gris\/","title":{"rendered":"Paris, sous ton ciel gris"},"content":{"rendered":"<p style=\"text-align: justify;\"><span class=\"dropcap\">Paris<\/span>, le printemps monte lentement dans tes racines, sur les arbres quelques bourgeons cherchent timidement \u00e0 pointer le bout du nez, ne sachant trop s\u2019il est temps de sortir ou non. Les jonquilles du jardin du Louvre elles, ne se sont pas fait prier. Elles embaument les parterres et colorent le gazon abim\u00e9 o\u00f9 les amoureux peuvent librement se balader. La rumeur dit que cette ann\u00e9e, l\u2019hiver a \u00e9t\u00e9 chaud\u2026 Pas de mal \u00e0 le croire&#8230; C\u2019est la m\u00eame rumeur qu\u2019on entend sur les quatre coins du globe. Depuis le d\u00e9but du voyage, on nous a fait la m\u00eame r\u00e9flexion, autant au Japon, qu\u2019\u00e0 Hawaii, qu\u2019\u00e0 Rouen\u2026 Tout l\u2019monde \u00e0 chaud et Paname n\u2019y \u00e9chappe pas.<\/p>\n<p><a href=\"https:\/\/plusvertailleurs.com\/wp-content\/uploads\/2016\/02\/Paris_ancien.jpg\"><img loading=\"lazy\" decoding=\"async\" class=\"aligncenter size-large wp-image-1651\" src=\"https:\/\/plusvertailleurs.com\/wp-content\/uploads\/2016\/02\/Paris_ancien-850x593.jpg\" alt=\"Paris_ancien\" width=\"849\" height=\"592\" srcset=\"https:\/\/plusvertailleurs.com\/wp-content\/uploads\/2016\/02\/Paris_ancien-850x593.jpg 850w, https:\/\/plusvertailleurs.com\/wp-content\/uploads\/2016\/02\/Paris_ancien-300x209.jpg 300w, https:\/\/plusvertailleurs.com\/wp-content\/uploads\/2016\/02\/Paris_ancien-768x536.jpg 768w, https:\/\/plusvertailleurs.com\/wp-content\/uploads\/2016\/02\/Paris_ancien-1536x1072.jpg 1536w, https:\/\/plusvertailleurs.com\/wp-content\/uploads\/2016\/02\/Paris_ancien-2048x1429.jpg 2048w\" sizes=\"auto, (max-width: 849px) 100vw, 849px\" \/><\/a><\/p>\n<p><a href=\"https:\/\/plusvertailleurs.com\/wp-content\/uploads\/2016\/02\/DSC06751.jpg\"><img loading=\"lazy\" decoding=\"async\" class=\"aligncenter size-large wp-image-1652\" src=\"https:\/\/plusvertailleurs.com\/wp-content\/uploads\/2016\/02\/DSC06751-850x566.jpg\" alt=\"DSC06751\" width=\"849\" height=\"565\" srcset=\"https:\/\/plusvertailleurs.com\/wp-content\/uploads\/2016\/02\/DSC06751-850x566.jpg 850w, https:\/\/plusvertailleurs.com\/wp-content\/uploads\/2016\/02\/DSC06751-300x200.jpg 300w, https:\/\/plusvertailleurs.com\/wp-content\/uploads\/2016\/02\/DSC06751-768x511.jpg 768w, https:\/\/plusvertailleurs.com\/wp-content\/uploads\/2016\/02\/DSC06751-1536x1022.jpg 1536w, https:\/\/plusvertailleurs.com\/wp-content\/uploads\/2016\/02\/DSC06751-2048x1363.jpg 2048w\" sizes=\"auto, (max-width: 849px) 100vw, 849px\" \/><\/a><\/p>\n<p><a href=\"https:\/\/plusvertailleurs.com\/wp-content\/uploads\/2016\/02\/DSC06744.jpg\"><img loading=\"lazy\" decoding=\"async\" class=\"aligncenter size-large wp-image-1662\" src=\"https:\/\/plusvertailleurs.com\/wp-content\/uploads\/2016\/02\/DSC06744-850x566.jpg\" alt=\"DSC06744\" width=\"849\" height=\"565\" srcset=\"https:\/\/plusvertailleurs.com\/wp-content\/uploads\/2016\/02\/DSC06744-850x566.jpg 850w, https:\/\/plusvertailleurs.com\/wp-content\/uploads\/2016\/02\/DSC06744-300x200.jpg 300w, https:\/\/plusvertailleurs.com\/wp-content\/uploads\/2016\/02\/DSC06744-768x511.jpg 768w, https:\/\/plusvertailleurs.com\/wp-content\/uploads\/2016\/02\/DSC06744-1536x1022.jpg 1536w, https:\/\/plusvertailleurs.com\/wp-content\/uploads\/2016\/02\/DSC06744-2048x1363.jpg 2048w\" sizes=\"auto, (max-width: 849px) 100vw, 849px\" \/><\/a><\/p>\n<p><a href=\"https:\/\/plusvertailleurs.com\/wp-content\/uploads\/2016\/02\/DSC06764.jpg\"><img loading=\"lazy\" decoding=\"async\" class=\"aligncenter size-large wp-image-1658\" src=\"https:\/\/plusvertailleurs.com\/wp-content\/uploads\/2016\/02\/DSC06764-850x566.jpg\" alt=\"DSC06764\" width=\"849\" height=\"565\" srcset=\"https:\/\/plusvertailleurs.com\/wp-content\/uploads\/2016\/02\/DSC06764-850x566.jpg 850w, https:\/\/plusvertailleurs.com\/wp-content\/uploads\/2016\/02\/DSC06764-300x200.jpg 300w, https:\/\/plusvertailleurs.com\/wp-content\/uploads\/2016\/02\/DSC06764-768x511.jpg 768w, https:\/\/plusvertailleurs.com\/wp-content\/uploads\/2016\/02\/DSC06764-1536x1022.jpg 1536w, https:\/\/plusvertailleurs.com\/wp-content\/uploads\/2016\/02\/DSC06764.jpg 2000w\" sizes=\"auto, (max-width: 849px) 100vw, 849px\" \/><\/a><\/p>\n<div id=\"attachment_1663\" style=\"width: 859px\" class=\"wp-caption aligncenter\"><a href=\"https:\/\/plusvertailleurs.com\/wp-content\/uploads\/2016\/02\/DSC05431.jpg\"><img loading=\"lazy\" decoding=\"async\" aria-describedby=\"caption-attachment-1663\" class=\"wp-image-1663 size-large\" src=\"https:\/\/plusvertailleurs.com\/wp-content\/uploads\/2016\/02\/DSC05431-850x501.jpg\" alt=\"DSC05431\" width=\"849\" height=\"500\" srcset=\"https:\/\/plusvertailleurs.com\/wp-content\/uploads\/2016\/02\/DSC05431-850x501.jpg 850w, https:\/\/plusvertailleurs.com\/wp-content\/uploads\/2016\/02\/DSC05431-300x177.jpg 300w, https:\/\/plusvertailleurs.com\/wp-content\/uploads\/2016\/02\/DSC05431-768x453.jpg 768w, https:\/\/plusvertailleurs.com\/wp-content\/uploads\/2016\/02\/DSC05431-1536x905.jpg 1536w, https:\/\/plusvertailleurs.com\/wp-content\/uploads\/2016\/02\/DSC05431.jpg 2000w\" sizes=\"auto, (max-width: 849px) 100vw, 849px\" \/><\/a><p id=\"caption-attachment-1663\" class=\"wp-caption-text\"><em><span style=\"color: #008080;\">Une pause \u00e9clair s&rsquo;impose, surtout celles sign\u00e9es Christophe Adam<\/span><\/em><\/p><\/div>\n<p style=\"text-align: justify;\"><div class=\"pullquote pullquote-left\">\nTrocadero<br \/>\n<\/div>\n<h5 style=\"text-align: justify;\"><span style=\"color: #000080;\">SOUS TON CIEL GRIS<\/span><\/h5>\n<p style=\"text-align: justify;\">Pour l\u2019instant, le ciel est maussade et <strong>cendr\u00e9<\/strong> \u00e0 en rendre malade n\u2019importe quel d\u00e9pressif. Quand ce n\u2019est pas la pluie qui nous mitraille, c\u2019est le vent du Nord qui perce nos vestes et nous d\u00e9chire la peau des joues. Pas de risques de mourir de chaleur. Les mouettes et les pigeons indiff\u00e9rents aux caprices de dame nature, se prom\u00e8nent et se chamaillent comme des <strong>guignols<\/strong> sur la balustrade du Trocad\u00e9ro, offrant gratuitement une joyeuse mise en sc\u00e8ne. Un spectacle qui amuse les grandes filles comme moi et qui agace les vendeurs de camelote. Dans cette journ\u00e9e grise, ces marchandeurs \u00e0 la sauvette sont presque plus nombreux au m\u00e8tre carr\u00e9 que les touristes. Du <em>made in china<\/em> en \u00e9change de quelques centimes, \u00e0 peine de quoi se payer un pain au chocolat le soir. <em><strong>Paris en a des histoires\u2026<\/strong><\/em><\/p>\n<p><a href=\"https:\/\/plusvertailleurs.com\/wp-content\/uploads\/2016\/02\/trocadero.jpg\"><img loading=\"lazy\" decoding=\"async\" class=\"aligncenter size-large wp-image-1653\" src=\"https:\/\/plusvertailleurs.com\/wp-content\/uploads\/2016\/02\/trocadero-850x584.jpg\" alt=\"trocadero\" width=\"849\" height=\"583\" srcset=\"https:\/\/plusvertailleurs.com\/wp-content\/uploads\/2016\/02\/trocadero-850x584.jpg 850w, https:\/\/plusvertailleurs.com\/wp-content\/uploads\/2016\/02\/trocadero-300x206.jpg 300w, https:\/\/plusvertailleurs.com\/wp-content\/uploads\/2016\/02\/trocadero-768x528.jpg 768w, https:\/\/plusvertailleurs.com\/wp-content\/uploads\/2016\/02\/trocadero-262x180.jpg 262w, https:\/\/plusvertailleurs.com\/wp-content\/uploads\/2016\/02\/trocadero.jpg 1162w\" sizes=\"auto, (max-width: 849px) 100vw, 849px\" \/><\/a><\/p>\n<p><a href=\"https:\/\/plusvertailleurs.com\/wp-content\/uploads\/2016\/02\/DSC06865.jpg\"><img loading=\"lazy\" decoding=\"async\" class=\"aligncenter size-large wp-image-1656\" src=\"https:\/\/plusvertailleurs.com\/wp-content\/uploads\/2016\/02\/DSC06865-850x566.jpg\" alt=\"DSC06865\" width=\"849\" height=\"565\" srcset=\"https:\/\/plusvertailleurs.com\/wp-content\/uploads\/2016\/02\/DSC06865-850x566.jpg 850w, https:\/\/plusvertailleurs.com\/wp-content\/uploads\/2016\/02\/DSC06865-300x200.jpg 300w, https:\/\/plusvertailleurs.com\/wp-content\/uploads\/2016\/02\/DSC06865-768x511.jpg 768w, https:\/\/plusvertailleurs.com\/wp-content\/uploads\/2016\/02\/DSC06865-1536x1022.jpg 1536w, https:\/\/plusvertailleurs.com\/wp-content\/uploads\/2016\/02\/DSC06865.jpg 2000w\" sizes=\"auto, (max-width: 849px) 100vw, 849px\" \/><\/a><\/p>\n<h5 style=\"text-align: justify;\"><span style=\"color: #000080;\">PARIS BALADE<\/span><\/h5>\n<p style=\"text-align: justify;\">On d\u00e9vale tes rues, question de voir quels <strong>secrets<\/strong> tu nous caches encore. Les lumi\u00e8res de tes tours percent ton ciel gris, tes boulangeries et tes vendeurs de kebabs sont bien pr\u00e9sents, il y a toujours autant de monde dedans. On fait encore la queue \u00e0 la Dur\u00e9e pour de l\u2019or en forme de macaron. La gare <strong>St-Lazard<\/strong> est toujours pleine \u00e0 craquer de gens toujours aussi press\u00e9s. \u00c7a court, \u00e7a court dans tous les sens. 15 ans que je viens r\u00e9guli\u00e8rement \u00e0 Paris, 15 ans que je regarde les Parisiens courir apr\u00e8s leur train. J\u2019en ai rapidement la naus\u00e9e, le stresse \u00e0 la parisienne, \u00e7a j\u2019avais oubli\u00e9 !<\/p>\n<p><a href=\"https:\/\/plusvertailleurs.com\/wp-content\/uploads\/2016\/02\/DSC06964.jpg\"><img loading=\"lazy\" decoding=\"async\" class=\"aligncenter size-large wp-image-1654\" src=\"https:\/\/plusvertailleurs.com\/wp-content\/uploads\/2016\/02\/DSC06964-850x554.jpg\" alt=\"DSC06964\" width=\"849\" height=\"553\" srcset=\"https:\/\/plusvertailleurs.com\/wp-content\/uploads\/2016\/02\/DSC06964-850x554.jpg 850w, https:\/\/plusvertailleurs.com\/wp-content\/uploads\/2016\/02\/DSC06964-300x196.jpg 300w, https:\/\/plusvertailleurs.com\/wp-content\/uploads\/2016\/02\/DSC06964-768x501.jpg 768w, https:\/\/plusvertailleurs.com\/wp-content\/uploads\/2016\/02\/DSC06964-1536x1001.jpg 1536w, https:\/\/plusvertailleurs.com\/wp-content\/uploads\/2016\/02\/DSC06964.jpg 2000w\" sizes=\"auto, (max-width: 849px) 100vw, 849px\" \/><\/a><\/p>\n<p><a href=\"https:\/\/plusvertailleurs.com\/wp-content\/uploads\/2016\/02\/paul_boulangerie.jpg\"><img loading=\"lazy\" decoding=\"async\" class=\"aligncenter size-large wp-image-1657\" src=\"https:\/\/plusvertailleurs.com\/wp-content\/uploads\/2016\/02\/paul_boulangerie-850x566.jpg\" alt=\"paul_boulangerie\" width=\"849\" height=\"565\" srcset=\"https:\/\/plusvertailleurs.com\/wp-content\/uploads\/2016\/02\/paul_boulangerie-850x566.jpg 850w, https:\/\/plusvertailleurs.com\/wp-content\/uploads\/2016\/02\/paul_boulangerie-300x200.jpg 300w, https:\/\/plusvertailleurs.com\/wp-content\/uploads\/2016\/02\/paul_boulangerie-768x511.jpg 768w, https:\/\/plusvertailleurs.com\/wp-content\/uploads\/2016\/02\/paul_boulangerie-1536x1022.jpg 1536w, https:\/\/plusvertailleurs.com\/wp-content\/uploads\/2016\/02\/paul_boulangerie.jpg 2000w\" sizes=\"auto, (max-width: 849px) 100vw, 849px\" \/><\/a><\/p>\n<p><a href=\"https:\/\/plusvertailleurs.com\/wp-content\/uploads\/2016\/02\/Paris_Parisiens.jpg\"><img loading=\"lazy\" decoding=\"async\" class=\"aligncenter size-large wp-image-1682\" src=\"https:\/\/plusvertailleurs.com\/wp-content\/uploads\/2016\/02\/Paris_Parisiens-850x595.jpg\" alt=\"Paris_Parisiens\" width=\"849\" height=\"594\" srcset=\"https:\/\/plusvertailleurs.com\/wp-content\/uploads\/2016\/02\/Paris_Parisiens-850x595.jpg 850w, https:\/\/plusvertailleurs.com\/wp-content\/uploads\/2016\/02\/Paris_Parisiens-300x210.jpg 300w, https:\/\/plusvertailleurs.com\/wp-content\/uploads\/2016\/02\/Paris_Parisiens-768x538.jpg 768w, https:\/\/plusvertailleurs.com\/wp-content\/uploads\/2016\/02\/Paris_Parisiens-1536x1076.jpg 1536w, https:\/\/plusvertailleurs.com\/wp-content\/uploads\/2016\/02\/Paris_Parisiens-2048x1434.jpg 2048w\" sizes=\"auto, (max-width: 849px) 100vw, 849px\" \/><\/a><a href=\"https:\/\/plusvertailleurs.com\/wp-content\/uploads\/2016\/02\/DSC06810.jpg\"><br \/>\n<img loading=\"lazy\" decoding=\"async\" class=\"aligncenter size-large wp-image-1667\" src=\"https:\/\/plusvertailleurs.com\/wp-content\/uploads\/2016\/02\/DSC06810-850x566.jpg\" alt=\"DSC06810\" width=\"849\" height=\"565\" srcset=\"https:\/\/plusvertailleurs.com\/wp-content\/uploads\/2016\/02\/DSC06810-850x566.jpg 850w, https:\/\/plusvertailleurs.com\/wp-content\/uploads\/2016\/02\/DSC06810-300x200.jpg 300w, https:\/\/plusvertailleurs.com\/wp-content\/uploads\/2016\/02\/DSC06810-768x511.jpg 768w, https:\/\/plusvertailleurs.com\/wp-content\/uploads\/2016\/02\/DSC06810-1536x1022.jpg 1536w, https:\/\/plusvertailleurs.com\/wp-content\/uploads\/2016\/02\/DSC06810-2048x1363.jpg 2048w\" sizes=\"auto, (max-width: 849px) 100vw, 849px\" \/><\/a><\/p>\n<p><a href=\"https:\/\/plusvertailleurs.com\/wp-content\/uploads\/2016\/02\/rues_paris.jpg\"><img loading=\"lazy\" decoding=\"async\" class=\"aligncenter size-large wp-image-1661\" src=\"https:\/\/plusvertailleurs.com\/wp-content\/uploads\/2016\/02\/rues_paris-850x705.jpg\" alt=\"rues_paris\" width=\"849\" height=\"704\" srcset=\"https:\/\/plusvertailleurs.com\/wp-content\/uploads\/2016\/02\/rues_paris-850x705.jpg 850w, https:\/\/plusvertailleurs.com\/wp-content\/uploads\/2016\/02\/rues_paris-300x249.jpg 300w, https:\/\/plusvertailleurs.com\/wp-content\/uploads\/2016\/02\/rues_paris-768x637.jpg 768w, https:\/\/plusvertailleurs.com\/wp-content\/uploads\/2016\/02\/rues_paris-1536x1274.jpg 1536w, https:\/\/plusvertailleurs.com\/wp-content\/uploads\/2016\/02\/rues_paris-2048x1699.jpg 2048w\" sizes=\"auto, (max-width: 849px) 100vw, 849px\" \/><\/a><\/p>\n<h5><span style=\"color: #000080;\">Marcher dans tes rues<\/span><\/h5>\n<p style=\"text-align: justify;\">Rien n\u2019a chang\u00e9, mais si pourtant\u2026 Pour moi marcher dans Paris c\u2019est un peu comme marcher sur des coquilles d\u2019\u0153ufs. Je me demande souvent si \u00e7a va craquer et si les m\u00e9chants vont d\u00e9barquer.<\/p>\n<p style=\"text-align: justify;\">Faut-il bannir Paris par pr\u00e9texte qu\u2019on a peur d\u2019un nouvel attentat ? Non, mais il serait faux de dire que je n\u2019y pense pas. En entrant dans le m\u00e9tro, dans un mus\u00e9e assis au cin\u00e9ma. Discr\u00e8tement, je cherche des yeux, les sorties de secours, juste au cas\u2026 rien qu\u2019au cas\u2026 J\u2019en ai presque honte, mais c\u2019est comme \u00e7a !<\/p>\n<div class=\"pullquote pullquote-left\">\nLes attentas<br \/>\n<\/div>\n<p style=\"text-align: justify;\">Puis, en balade on croise la <strong>Place de la R\u00e9publique<\/strong>, impossible de rester insensible. Au pied de la Marianne de bronze quelques personnes passent dire au revoir aux disparues. Au loin, une femme nettoie avec son balai minutieusement l&rsquo;endroit. Telle une infirmi\u00e8re qui panse une blessure. Elle replace les fleurs et rallume les bougies. Elle recolle sur la pierre les t\u00e9moignages pos\u00e9s tout autour de la statue. Comme des milliers d\u2019autres, <strong>elle ne veut pas qu\u2019on oublie<\/strong>.<\/p>\n<p style=\"text-align: justify;\"><a href=\"https:\/\/plusvertailleurs.com\/wp-content\/uploads\/2016\/02\/DSC054351.jpg\"><img loading=\"lazy\" decoding=\"async\" class=\"aligncenter size-large wp-image-1674\" src=\"https:\/\/plusvertailleurs.com\/wp-content\/uploads\/2016\/02\/DSC054351-850x566.jpg\" alt=\"DSC05435\" width=\"849\" height=\"565\" srcset=\"https:\/\/plusvertailleurs.com\/wp-content\/uploads\/2016\/02\/DSC054351-850x566.jpg 850w, https:\/\/plusvertailleurs.com\/wp-content\/uploads\/2016\/02\/DSC054351-300x200.jpg 300w, https:\/\/plusvertailleurs.com\/wp-content\/uploads\/2016\/02\/DSC054351-768x511.jpg 768w, https:\/\/plusvertailleurs.com\/wp-content\/uploads\/2016\/02\/DSC054351-1536x1022.jpg 1536w, https:\/\/plusvertailleurs.com\/wp-content\/uploads\/2016\/02\/DSC054351.jpg 2000w\" sizes=\"auto, (max-width: 849px) 100vw, 849px\" \/><\/a><\/p>\n<h5 style=\"text-align: justify;\"><a href=\"https:\/\/plusvertailleurs.com\/wp-content\/uploads\/2016\/02\/placedelarepublique.jpg\"><img loading=\"lazy\" decoding=\"async\" class=\"aligncenter size-large wp-image-1678\" src=\"https:\/\/plusvertailleurs.com\/wp-content\/uploads\/2016\/02\/placedelarepublique-850x598.jpg\" alt=\"placedelarepublique\" width=\"849\" height=\"597\" srcset=\"https:\/\/plusvertailleurs.com\/wp-content\/uploads\/2016\/02\/placedelarepublique-850x598.jpg 850w, https:\/\/plusvertailleurs.com\/wp-content\/uploads\/2016\/02\/placedelarepublique-300x211.jpg 300w, https:\/\/plusvertailleurs.com\/wp-content\/uploads\/2016\/02\/placedelarepublique-768x540.jpg 768w, https:\/\/plusvertailleurs.com\/wp-content\/uploads\/2016\/02\/placedelarepublique-1536x1080.jpg 1536w, https:\/\/plusvertailleurs.com\/wp-content\/uploads\/2016\/02\/placedelarepublique-2048x1441.jpg 2048w\" sizes=\"auto, (max-width: 849px) 100vw, 849px\" \/><\/a><\/h5>\n<h5 style=\"text-align: justify;\"><span style=\"color: #000080;\">M\u00caME PAS PEUR !<\/span><\/h5>\n<p style=\"text-align: justify;\">Sur une banni\u00e8re, trois mots qui en disent long \u00ab\u00a0 <em><strong>M\u00eame pas peur<\/strong><\/em>\u00a0\u00bb. Paris, si tes touristes te boudent, tes habitants sont forts. Ils continuent \u00e0 vivre et pour moi, c\u2019est \u00e7a ta beaut\u00e9. C\u2019est bien plus que ta tour Eiffel qui scintille, bien plus que les vitraux de Notre Dame et tes Jardins du Luxembourg. Tu es encore plus belle, car tu continues \u00e0 respirer et \u00e0 bourdonner. Tant pis pour les cars de Japonais qui sont moins pr\u00e9sents cette ann\u00e9e, \u00e7a en fera plus pour nous. Ils se reprendront les prochaines ann\u00e9es, quand la poussi\u00e8re sera retomb\u00e9e !<\/p>\n<p style=\"text-align: justify;\"><a href=\"https:\/\/plusvertailleurs.com\/wp-content\/uploads\/2016\/02\/placeR.jpg\"><img loading=\"lazy\" decoding=\"async\" class=\"aligncenter size-large wp-image-1665\" src=\"https:\/\/plusvertailleurs.com\/wp-content\/uploads\/2016\/02\/placeR-850x566.jpg\" alt=\"placeR\" width=\"849\" height=\"565\" srcset=\"https:\/\/plusvertailleurs.com\/wp-content\/uploads\/2016\/02\/placeR-850x566.jpg 850w, https:\/\/plusvertailleurs.com\/wp-content\/uploads\/2016\/02\/placeR-300x200.jpg 300w, https:\/\/plusvertailleurs.com\/wp-content\/uploads\/2016\/02\/placeR-768x511.jpg 768w, https:\/\/plusvertailleurs.com\/wp-content\/uploads\/2016\/02\/placeR-1536x1022.jpg 1536w, https:\/\/plusvertailleurs.com\/wp-content\/uploads\/2016\/02\/placeR.jpg 2000w\" sizes=\"auto, (max-width: 849px) 100vw, 849px\" \/><\/a><\/p>\n<p style=\"text-align: justify;\"><a href=\"https:\/\/plusvertailleurs.com\/wp-content\/uploads\/2016\/02\/DSC06795.jpg\"><img loading=\"lazy\" decoding=\"async\" class=\"aligncenter size-large wp-image-1669\" src=\"https:\/\/plusvertailleurs.com\/wp-content\/uploads\/2016\/02\/DSC06795-850x566.jpg\" alt=\"DSC06795\" width=\"849\" height=\"565\" srcset=\"https:\/\/plusvertailleurs.com\/wp-content\/uploads\/2016\/02\/DSC06795-850x566.jpg 850w, https:\/\/plusvertailleurs.com\/wp-content\/uploads\/2016\/02\/DSC06795-300x200.jpg 300w, https:\/\/plusvertailleurs.com\/wp-content\/uploads\/2016\/02\/DSC06795-768x511.jpg 768w, https:\/\/plusvertailleurs.com\/wp-content\/uploads\/2016\/02\/DSC06795-1536x1022.jpg 1536w, https:\/\/plusvertailleurs.com\/wp-content\/uploads\/2016\/02\/DSC06795.jpg 2000w\" sizes=\"auto, (max-width: 849px) 100vw, 849px\" \/><\/a><\/p>\n","protected":false},"excerpt":{"rendered":"<p>Paris, le printemps monte lentement dans tes racines, sur les arbres quelques bourgeons cherchent timidement \u00e0 pointer le bout du nez, ne sachant trop s\u2019il est temps de sortir ou non. Les jonquilles du jardin du Louvre elles, ne se sont pas fait prier. Elles embaument les parterres et colorent le gazon abim\u00e9 o\u00f9 les [&hellip;]<\/p>\n","protected":false},"author":2,"featured_media":1648,"comment_status":"open","ping_status":"open","sticky":false,"template":"","format":"standard","meta":{"footnotes":""},"categories":[9,32],"tags":[75,113,130,261,274,335],"class_list":["post-1647","post","type-post","status-publish","format-standard","has-post-thumbnail","hentry","category-france","category-paris","tag-attentas","tag-ciel-gris","tag-eclaire-de-genie-christophe-adams","tag-paris","tag-place-de-la-republique","tag-trocadero"],"yoast_head":"<!-- This site is optimized with the Yoast SEO plugin v27.5 - https:\/\/yoast.com\/product\/yoast-seo-wordpress\/ -->\n<title>Paris, sous ton ciel gris - Plus vert ailleurs<\/title>\n<meta name=\"robots\" content=\"index, follow, max-snippet:-1, max-image-preview:large, max-video-preview:-1\" \/>\n<link rel=\"canonical\" href=\"https:\/\/plusvertailleurs.com\/index.php\/2016\/02\/12\/paris-sous-ton-ciel-gris\/\" \/>\n<meta property=\"og:locale\" content=\"fr_FR\" \/>\n<meta property=\"og:type\" content=\"article\" \/>\n<meta property=\"og:title\" content=\"Paris, sous ton ciel gris - Plus vert ailleurs\" \/>\n<meta property=\"og:description\" content=\"Paris, le printemps monte lentement dans tes racines, sur les arbres quelques bourgeons cherchent timidement \u00e0 pointer le bout du nez, ne sachant trop s\u2019il est temps de sortir ou non. Les jonquilles du jardin du Louvre elles, ne se sont pas fait prier. Elles embaument les parterres et colorent le gazon abim\u00e9 o\u00f9 les [&hellip;]\" \/>\n<meta property=\"og:url\" content=\"https:\/\/plusvertailleurs.com\/index.php\/2016\/02\/12\/paris-sous-ton-ciel-gris\/\" \/>\n<meta property=\"og:site_name\" content=\"Plus vert ailleurs\" \/>\n<meta property=\"article:published_time\" content=\"2016-02-12T12:10:12+00:00\" \/>\n<meta property=\"og:image\" content=\"https:\/\/plusvertailleurs.com\/wp-content\/uploads\/2016\/02\/DSC06666-850x566.jpg\" \/>\n\t<meta property=\"og:image:width\" content=\"850\" \/>\n\t<meta property=\"og:image:height\" content=\"566\" \/>\n\t<meta property=\"og:image:type\" content=\"image\/jpeg\" \/>\n<meta name=\"author\" content=\"Chantale\" \/>\n<meta name=\"twitter:card\" content=\"summary_large_image\" \/>\n<meta name=\"twitter:label1\" content=\"\u00c9crit par\" \/>\n\t<meta name=\"twitter:data1\" content=\"Chantale\" \/>\n\t<meta name=\"twitter:label2\" content=\"Dur\u00e9e de lecture estim\u00e9e\" \/>\n\t<meta name=\"twitter:data2\" content=\"4 minutes\" \/>\n<script type=\"application\/ld+json\" class=\"yoast-schema-graph\">{\"@context\":\"https:\\\/\\\/schema.org\",\"@graph\":[{\"@type\":\"Article\",\"@id\":\"https:\\\/\\\/plusvertailleurs.com\\\/index.php\\\/2016\\\/02\\\/12\\\/paris-sous-ton-ciel-gris\\\/#article\",\"isPartOf\":{\"@id\":\"https:\\\/\\\/plusvertailleurs.com\\\/index.php\\\/2016\\\/02\\\/12\\\/paris-sous-ton-ciel-gris\\\/\"},\"author\":{\"name\":\"Chantale\",\"@id\":\"https:\\\/\\\/plusvertailleurs.com\\\/#\\\/schema\\\/person\\\/817bd7f1199e438a5af016107ebef360\"},\"headline\":\"Paris, sous ton ciel gris\",\"datePublished\":\"2016-02-12T12:10:12+00:00\",\"mainEntityOfPage\":{\"@id\":\"https:\\\/\\\/plusvertailleurs.com\\\/index.php\\\/2016\\\/02\\\/12\\\/paris-sous-ton-ciel-gris\\\/\"},\"wordCount\":725,\"commentCount\":1,\"publisher\":{\"@id\":\"https:\\\/\\\/plusvertailleurs.com\\\/#organization\"},\"image\":{\"@id\":\"https:\\\/\\\/plusvertailleurs.com\\\/index.php\\\/2016\\\/02\\\/12\\\/paris-sous-ton-ciel-gris\\\/#primaryimage\"},\"thumbnailUrl\":\"https:\\\/\\\/plusvertailleurs.com\\\/wp-content\\\/uploads\\\/2016\\\/02\\\/DSC06666.jpg\",\"keywords\":[\"attentas\",\"ciel gris\",\"\u00e9claire de g\u00e9nie Christophe Adams\",\"Paris\",\"Place de la r\u00e9publique\",\"trocadero\"],\"articleSection\":[\"France\",\"Paris\"],\"inLanguage\":\"fr-FR\",\"potentialAction\":[{\"@type\":\"CommentAction\",\"name\":\"Comment\",\"target\":[\"https:\\\/\\\/plusvertailleurs.com\\\/index.php\\\/2016\\\/02\\\/12\\\/paris-sous-ton-ciel-gris\\\/#respond\"]}]},{\"@type\":\"WebPage\",\"@id\":\"https:\\\/\\\/plusvertailleurs.com\\\/index.php\\\/2016\\\/02\\\/12\\\/paris-sous-ton-ciel-gris\\\/\",\"url\":\"https:\\\/\\\/plusvertailleurs.com\\\/index.php\\\/2016\\\/02\\\/12\\\/paris-sous-ton-ciel-gris\\\/\",\"name\":\"Paris, sous ton ciel gris - Plus vert ailleurs\",\"isPartOf\":{\"@id\":\"https:\\\/\\\/plusvertailleurs.com\\\/#website\"},\"primaryImageOfPage\":{\"@id\":\"https:\\\/\\\/plusvertailleurs.com\\\/index.php\\\/2016\\\/02\\\/12\\\/paris-sous-ton-ciel-gris\\\/#primaryimage\"},\"image\":{\"@id\":\"https:\\\/\\\/plusvertailleurs.com\\\/index.php\\\/2016\\\/02\\\/12\\\/paris-sous-ton-ciel-gris\\\/#primaryimage\"},\"thumbnailUrl\":\"https:\\\/\\\/plusvertailleurs.com\\\/wp-content\\\/uploads\\\/2016\\\/02\\\/DSC06666.jpg\",\"datePublished\":\"2016-02-12T12:10:12+00:00\",\"breadcrumb\":{\"@id\":\"https:\\\/\\\/plusvertailleurs.com\\\/index.php\\\/2016\\\/02\\\/12\\\/paris-sous-ton-ciel-gris\\\/#breadcrumb\"},\"inLanguage\":\"fr-FR\",\"potentialAction\":[{\"@type\":\"ReadAction\",\"target\":[\"https:\\\/\\\/plusvertailleurs.com\\\/index.php\\\/2016\\\/02\\\/12\\\/paris-sous-ton-ciel-gris\\\/\"]}]},{\"@type\":\"ImageObject\",\"inLanguage\":\"fr-FR\",\"@id\":\"https:\\\/\\\/plusvertailleurs.com\\\/index.php\\\/2016\\\/02\\\/12\\\/paris-sous-ton-ciel-gris\\\/#primaryimage\",\"url\":\"https:\\\/\\\/plusvertailleurs.com\\\/wp-content\\\/uploads\\\/2016\\\/02\\\/DSC06666.jpg\",\"contentUrl\":\"https:\\\/\\\/plusvertailleurs.com\\\/wp-content\\\/uploads\\\/2016\\\/02\\\/DSC06666.jpg\",\"width\":2500,\"height\":1664},{\"@type\":\"BreadcrumbList\",\"@id\":\"https:\\\/\\\/plusvertailleurs.com\\\/index.php\\\/2016\\\/02\\\/12\\\/paris-sous-ton-ciel-gris\\\/#breadcrumb\",\"itemListElement\":[{\"@type\":\"ListItem\",\"position\":1,\"name\":\"Accueil\",\"item\":\"https:\\\/\\\/plusvertailleurs.com\\\/\"},{\"@type\":\"ListItem\",\"position\":2,\"name\":\"Paris, sous ton ciel gris\"}]},{\"@type\":\"WebSite\",\"@id\":\"https:\\\/\\\/plusvertailleurs.com\\\/#website\",\"url\":\"https:\\\/\\\/plusvertailleurs.com\\\/\",\"name\":\"Plus vert ailleurs\",\"description\":\"\",\"publisher\":{\"@id\":\"https:\\\/\\\/plusvertailleurs.com\\\/#organization\"},\"potentialAction\":[{\"@type\":\"SearchAction\",\"target\":{\"@type\":\"EntryPoint\",\"urlTemplate\":\"https:\\\/\\\/plusvertailleurs.com\\\/?s={search_term_string}\"},\"query-input\":{\"@type\":\"PropertyValueSpecification\",\"valueRequired\":true,\"valueName\":\"search_term_string\"}}],\"inLanguage\":\"fr-FR\"},{\"@type\":\"Organization\",\"@id\":\"https:\\\/\\\/plusvertailleurs.com\\\/#organization\",\"name\":\"Plus vert ailleurs\",\"url\":\"https:\\\/\\\/plusvertailleurs.com\\\/\",\"logo\":{\"@type\":\"ImageObject\",\"inLanguage\":\"fr-FR\",\"@id\":\"https:\\\/\\\/plusvertailleurs.com\\\/#\\\/schema\\\/logo\\\/image\\\/\",\"url\":\"https:\\\/\\\/plusvertailleurs.com\\\/wp-content\\\/uploads\\\/2022\\\/12\\\/cropped-logo_1.png\",\"contentUrl\":\"https:\\\/\\\/plusvertailleurs.com\\\/wp-content\\\/uploads\\\/2022\\\/12\\\/cropped-logo_1.png\",\"width\":1024,\"height\":420,\"caption\":\"Plus vert ailleurs\"},\"image\":{\"@id\":\"https:\\\/\\\/plusvertailleurs.com\\\/#\\\/schema\\\/logo\\\/image\\\/\"}},{\"@type\":\"Person\",\"@id\":\"https:\\\/\\\/plusvertailleurs.com\\\/#\\\/schema\\\/person\\\/817bd7f1199e438a5af016107ebef360\",\"name\":\"Chantale\",\"image\":{\"@type\":\"ImageObject\",\"inLanguage\":\"fr-FR\",\"@id\":\"https:\\\/\\\/secure.gravatar.com\\\/avatar\\\/c1271f47d31275e70b609d976440838b5e8bddcdf2f510efce67a27e201def5e?s=96&d=mm&r=g\",\"url\":\"https:\\\/\\\/secure.gravatar.com\\\/avatar\\\/c1271f47d31275e70b609d976440838b5e8bddcdf2f510efce67a27e201def5e?s=96&d=mm&r=g\",\"contentUrl\":\"https:\\\/\\\/secure.gravatar.com\\\/avatar\\\/c1271f47d31275e70b609d976440838b5e8bddcdf2f510efce67a27e201def5e?s=96&d=mm&r=g\",\"caption\":\"Chantale\"},\"sameAs\":[\"https:\\\/\\\/plusvertailleurs.com\"],\"url\":\"https:\\\/\\\/plusvertailleurs.com\\\/index.php\\\/author\\\/chantale\\\/\"}]}<\/script>\n<!-- \/ Yoast SEO plugin. -->","yoast_head_json":{"title":"Paris, sous ton ciel gris - Plus vert ailleurs","robots":{"index":"index","follow":"follow","max-snippet":"max-snippet:-1","max-image-preview":"max-image-preview:large","max-video-preview":"max-video-preview:-1"},"canonical":"https:\/\/plusvertailleurs.com\/index.php\/2016\/02\/12\/paris-sous-ton-ciel-gris\/","og_locale":"fr_FR","og_type":"article","og_title":"Paris, sous ton ciel gris - Plus vert ailleurs","og_description":"Paris, le printemps monte lentement dans tes racines, sur les arbres quelques bourgeons cherchent timidement \u00e0 pointer le bout du nez, ne sachant trop s\u2019il est temps de sortir ou non. Les jonquilles du jardin du Louvre elles, ne se sont pas fait prier. Elles embaument les parterres et colorent le gazon abim\u00e9 o\u00f9 les [&hellip;]","og_url":"https:\/\/plusvertailleurs.com\/index.php\/2016\/02\/12\/paris-sous-ton-ciel-gris\/","og_site_name":"Plus vert ailleurs","article_published_time":"2016-02-12T12:10:12+00:00","og_image":[{"width":850,"height":566,"url":"https:\/\/plusvertailleurs.com\/wp-content\/uploads\/2016\/02\/DSC06666-850x566.jpg","type":"image\/jpeg"}],"author":"Chantale","twitter_card":"summary_large_image","twitter_misc":{"\u00c9crit par":"Chantale","Dur\u00e9e de lecture estim\u00e9e":"4 minutes"},"schema":{"@context":"https:\/\/schema.org","@graph":[{"@type":"Article","@id":"https:\/\/plusvertailleurs.com\/index.php\/2016\/02\/12\/paris-sous-ton-ciel-gris\/#article","isPartOf":{"@id":"https:\/\/plusvertailleurs.com\/index.php\/2016\/02\/12\/paris-sous-ton-ciel-gris\/"},"author":{"name":"Chantale","@id":"https:\/\/plusvertailleurs.com\/#\/schema\/person\/817bd7f1199e438a5af016107ebef360"},"headline":"Paris, sous ton ciel gris","datePublished":"2016-02-12T12:10:12+00:00","mainEntityOfPage":{"@id":"https:\/\/plusvertailleurs.com\/index.php\/2016\/02\/12\/paris-sous-ton-ciel-gris\/"},"wordCount":725,"commentCount":1,"publisher":{"@id":"https:\/\/plusvertailleurs.com\/#organization"},"image":{"@id":"https:\/\/plusvertailleurs.com\/index.php\/2016\/02\/12\/paris-sous-ton-ciel-gris\/#primaryimage"},"thumbnailUrl":"https:\/\/plusvertailleurs.com\/wp-content\/uploads\/2016\/02\/DSC06666.jpg","keywords":["attentas","ciel gris","\u00e9claire de g\u00e9nie Christophe Adams","Paris","Place de la r\u00e9publique","trocadero"],"articleSection":["France","Paris"],"inLanguage":"fr-FR","potentialAction":[{"@type":"CommentAction","name":"Comment","target":["https:\/\/plusvertailleurs.com\/index.php\/2016\/02\/12\/paris-sous-ton-ciel-gris\/#respond"]}]},{"@type":"WebPage","@id":"https:\/\/plusvertailleurs.com\/index.php\/2016\/02\/12\/paris-sous-ton-ciel-gris\/","url":"https:\/\/plusvertailleurs.com\/index.php\/2016\/02\/12\/paris-sous-ton-ciel-gris\/","name":"Paris, sous ton ciel gris - Plus vert ailleurs","isPartOf":{"@id":"https:\/\/plusvertailleurs.com\/#website"},"primaryImageOfPage":{"@id":"https:\/\/plusvertailleurs.com\/index.php\/2016\/02\/12\/paris-sous-ton-ciel-gris\/#primaryimage"},"image":{"@id":"https:\/\/plusvertailleurs.com\/index.php\/2016\/02\/12\/paris-sous-ton-ciel-gris\/#primaryimage"},"thumbnailUrl":"https:\/\/plusvertailleurs.com\/wp-content\/uploads\/2016\/02\/DSC06666.jpg","datePublished":"2016-02-12T12:10:12+00:00","breadcrumb":{"@id":"https:\/\/plusvertailleurs.com\/index.php\/2016\/02\/12\/paris-sous-ton-ciel-gris\/#breadcrumb"},"inLanguage":"fr-FR","potentialAction":[{"@type":"ReadAction","target":["https:\/\/plusvertailleurs.com\/index.php\/2016\/02\/12\/paris-sous-ton-ciel-gris\/"]}]},{"@type":"ImageObject","inLanguage":"fr-FR","@id":"https:\/\/plusvertailleurs.com\/index.php\/2016\/02\/12\/paris-sous-ton-ciel-gris\/#primaryimage","url":"https:\/\/plusvertailleurs.com\/wp-content\/uploads\/2016\/02\/DSC06666.jpg","contentUrl":"https:\/\/plusvertailleurs.com\/wp-content\/uploads\/2016\/02\/DSC06666.jpg","width":2500,"height":1664},{"@type":"BreadcrumbList","@id":"https:\/\/plusvertailleurs.com\/index.php\/2016\/02\/12\/paris-sous-ton-ciel-gris\/#breadcrumb","itemListElement":[{"@type":"ListItem","position":1,"name":"Accueil","item":"https:\/\/plusvertailleurs.com\/"},{"@type":"ListItem","position":2,"name":"Paris, sous ton ciel gris"}]},{"@type":"WebSite","@id":"https:\/\/plusvertailleurs.com\/#website","url":"https:\/\/plusvertailleurs.com\/","name":"Plus vert ailleurs","description":"","publisher":{"@id":"https:\/\/plusvertailleurs.com\/#organization"},"potentialAction":[{"@type":"SearchAction","target":{"@type":"EntryPoint","urlTemplate":"https:\/\/plusvertailleurs.com\/?s={search_term_string}"},"query-input":{"@type":"PropertyValueSpecification","valueRequired":true,"valueName":"search_term_string"}}],"inLanguage":"fr-FR"},{"@type":"Organization","@id":"https:\/\/plusvertailleurs.com\/#organization","name":"Plus vert ailleurs","url":"https:\/\/plusvertailleurs.com\/","logo":{"@type":"ImageObject","inLanguage":"fr-FR","@id":"https:\/\/plusvertailleurs.com\/#\/schema\/logo\/image\/","url":"https:\/\/plusvertailleurs.com\/wp-content\/uploads\/2022\/12\/cropped-logo_1.png","contentUrl":"https:\/\/plusvertailleurs.com\/wp-content\/uploads\/2022\/12\/cropped-logo_1.png","width":1024,"height":420,"caption":"Plus vert ailleurs"},"image":{"@id":"https:\/\/plusvertailleurs.com\/#\/schema\/logo\/image\/"}},{"@type":"Person","@id":"https:\/\/plusvertailleurs.com\/#\/schema\/person\/817bd7f1199e438a5af016107ebef360","name":"Chantale","image":{"@type":"ImageObject","inLanguage":"fr-FR","@id":"https:\/\/secure.gravatar.com\/avatar\/c1271f47d31275e70b609d976440838b5e8bddcdf2f510efce67a27e201def5e?s=96&d=mm&r=g","url":"https:\/\/secure.gravatar.com\/avatar\/c1271f47d31275e70b609d976440838b5e8bddcdf2f510efce67a27e201def5e?s=96&d=mm&r=g","contentUrl":"https:\/\/secure.gravatar.com\/avatar\/c1271f47d31275e70b609d976440838b5e8bddcdf2f510efce67a27e201def5e?s=96&d=mm&r=g","caption":"Chantale"},"sameAs":["https:\/\/plusvertailleurs.com"],"url":"https:\/\/plusvertailleurs.com\/index.php\/author\/chantale\/"}]}},"_links":{"self":[{"href":"https:\/\/plusvertailleurs.com\/index.php\/wp-json\/wp\/v2\/posts\/1647","targetHints":{"allow":["GET"]}}],"collection":[{"href":"https:\/\/plusvertailleurs.com\/index.php\/wp-json\/wp\/v2\/posts"}],"about":[{"href":"https:\/\/plusvertailleurs.com\/index.php\/wp-json\/wp\/v2\/types\/post"}],"author":[{"embeddable":true,"href":"https:\/\/plusvertailleurs.com\/index.php\/wp-json\/wp\/v2\/users\/2"}],"replies":[{"embeddable":true,"href":"https:\/\/plusvertailleurs.com\/index.php\/wp-json\/wp\/v2\/comments?post=1647"}],"version-history":[{"count":0,"href":"https:\/\/plusvertailleurs.com\/index.php\/wp-json\/wp\/v2\/posts\/1647\/revisions"}],"wp:featuredmedia":[{"embeddable":true,"href":"https:\/\/plusvertailleurs.com\/index.php\/wp-json\/wp\/v2\/media\/1648"}],"wp:attachment":[{"href":"https:\/\/plusvertailleurs.com\/index.php\/wp-json\/wp\/v2\/media?parent=1647"}],"wp:term":[{"taxonomy":"category","embeddable":true,"href":"https:\/\/plusvertailleurs.com\/index.php\/wp-json\/wp\/v2\/categories?post=1647"},{"taxonomy":"post_tag","embeddable":true,"href":"https:\/\/plusvertailleurs.com\/index.php\/wp-json\/wp\/v2\/tags?post=1647"}],"curies":[{"name":"wp","href":"https:\/\/api.w.org\/{rel}","templated":true}]}}