{"id":1376,"date":"2015-12-04T12:18:30","date_gmt":"2015-12-04T12:18:30","guid":{"rendered":"http:\/\/plusvertailleurs.com\/?p=1376"},"modified":"2015-12-04T12:18:30","modified_gmt":"2015-12-04T12:18:30","slug":"nara-au-japon","status":"publish","type":"post","link":"https:\/\/plusvertailleurs.com\/index.php\/2015\/12\/04\/nara-au-japon\/","title":{"rendered":"Nara au Japon"},"content":{"rendered":"<p style=\"text-align: justify;\">On nous a dit, si vous allez au Japon, il faut absolument que vous passiez par <strong>Nara<\/strong> ! C\u2019est ce qu\u2019on a fait \u00e0 partir d\u2019Osaka, sinc\u00e8rement on ne le regrette pas !<\/p>\n<p style=\"text-align: justify;\">Nara c\u2019est la ville du p\u00e8re Noel. Il y a une invasion de petits cerfs, un peu comme les singes \u00e0 Lopburi en Tha\u00eflande, sauf qu\u2019ici on ne les chasse pas \u00e0 coup de b\u00e2ton, on s\u2019amuse surtout \u00e0 leur donner \u00e0 manger. Personnellement, on a pr\u00e9f\u00e9r\u00e9 ne rien leur donner, on s\u2019est content\u00e9 de regarder les autres touristes se faire poursuive par les petites b\u00eates. Car les cerfs ont le museau fin, d\u00e8s qu\u2019ils sentent que vous avez de la nourriture ils vous suivent (normal quoi !) \u00c0 la quantit\u00e9 qu\u2019ils sont, ils peuvent vite devenir envahissants.<\/p>\n<p style=\"text-align: justify;\"><a href=\"https:\/\/plusvertailleurs.com\/wp-content\/uploads\/2015\/12\/DSC02144.jpg\"><img loading=\"lazy\" decoding=\"async\" class=\"aligncenter size-large wp-image-1380\" src=\"https:\/\/plusvertailleurs.com\/wp-content\/uploads\/2015\/12\/DSC02144-850x566.jpg\" alt=\"DSC02144\" width=\"849\" height=\"565\" srcset=\"https:\/\/plusvertailleurs.com\/wp-content\/uploads\/2015\/12\/DSC02144-850x566.jpg 850w, https:\/\/plusvertailleurs.com\/wp-content\/uploads\/2015\/12\/DSC02144-300x200.jpg 300w, https:\/\/plusvertailleurs.com\/wp-content\/uploads\/2015\/12\/DSC02144-768x511.jpg 768w, https:\/\/plusvertailleurs.com\/wp-content\/uploads\/2015\/12\/DSC02144-1536x1022.jpg 1536w, https:\/\/plusvertailleurs.com\/wp-content\/uploads\/2015\/12\/DSC02144-2048x1363.jpg 2048w\" sizes=\"auto, (max-width: 849px) 100vw, 849px\" \/><\/a><\/p>\n<p style=\"text-align: justify;\"><a href=\"https:\/\/plusvertailleurs.com\/wp-content\/uploads\/2015\/12\/DSC02334.jpg\"><img loading=\"lazy\" decoding=\"async\" class=\"aligncenter size-large wp-image-1381\" src=\"https:\/\/plusvertailleurs.com\/wp-content\/uploads\/2015\/12\/DSC02334-850x566.jpg\" alt=\"DSC02334\" width=\"849\" height=\"565\" srcset=\"https:\/\/plusvertailleurs.com\/wp-content\/uploads\/2015\/12\/DSC02334-850x566.jpg 850w, https:\/\/plusvertailleurs.com\/wp-content\/uploads\/2015\/12\/DSC02334-300x200.jpg 300w, https:\/\/plusvertailleurs.com\/wp-content\/uploads\/2015\/12\/DSC02334-768x511.jpg 768w, https:\/\/plusvertailleurs.com\/wp-content\/uploads\/2015\/12\/DSC02334-1536x1022.jpg 1536w, https:\/\/plusvertailleurs.com\/wp-content\/uploads\/2015\/12\/DSC02334-2048x1363.jpg 2048w\" sizes=\"auto, (max-width: 849px) 100vw, 849px\" \/><\/a><\/p>\n<div id=\"attachment_1389\" style=\"width: 859px\" class=\"wp-caption aligncenter\"><a href=\"https:\/\/plusvertailleurs.com\/wp-content\/uploads\/2015\/12\/DSC02197.jpg\"><img loading=\"lazy\" decoding=\"async\" aria-describedby=\"caption-attachment-1389\" class=\"wp-image-1389 size-large\" src=\"https:\/\/plusvertailleurs.com\/wp-content\/uploads\/2015\/12\/DSC02197-850x566.jpg\" alt=\"DSC02197\" width=\"849\" height=\"565\" srcset=\"https:\/\/plusvertailleurs.com\/wp-content\/uploads\/2015\/12\/DSC02197-850x566.jpg 850w, https:\/\/plusvertailleurs.com\/wp-content\/uploads\/2015\/12\/DSC02197-300x200.jpg 300w, https:\/\/plusvertailleurs.com\/wp-content\/uploads\/2015\/12\/DSC02197-768x511.jpg 768w, https:\/\/plusvertailleurs.com\/wp-content\/uploads\/2015\/12\/DSC02197-1536x1022.jpg 1536w, https:\/\/plusvertailleurs.com\/wp-content\/uploads\/2015\/12\/DSC02197-2048x1363.jpg 2048w\" sizes=\"auto, (max-width: 849px) 100vw, 849px\" \/><\/a><p id=\"caption-attachment-1389\" class=\"wp-caption-text\"><span style=\"color: #000000;\">Beaucoup ont le panache coup\u00e9<\/span><\/p><\/div>\n<p style=\"text-align: justify;\"><a href=\"https:\/\/plusvertailleurs.com\/wp-content\/uploads\/2015\/12\/nara2.jpg\"><img loading=\"lazy\" decoding=\"async\" class=\"aligncenter size-large wp-image-1387\" src=\"https:\/\/plusvertailleurs.com\/wp-content\/uploads\/2015\/12\/nara2-850x410.jpg\" alt=\"nara2\" width=\"849\" height=\"410\" srcset=\"https:\/\/plusvertailleurs.com\/wp-content\/uploads\/2015\/12\/nara2-850x410.jpg 850w, https:\/\/plusvertailleurs.com\/wp-content\/uploads\/2015\/12\/nara2-300x145.jpg 300w, https:\/\/plusvertailleurs.com\/wp-content\/uploads\/2015\/12\/nara2-768x371.jpg 768w, https:\/\/plusvertailleurs.com\/wp-content\/uploads\/2015\/12\/nara2-1536x742.jpg 1536w, https:\/\/plusvertailleurs.com\/wp-content\/uploads\/2015\/12\/nara2-2048x989.jpg 2048w\" sizes=\"auto, (max-width: 849px) 100vw, 849px\" \/><\/a><\/p>\n<p style=\"text-align: justify;\"><a href=\"https:\/\/plusvertailleurs.com\/wp-content\/uploads\/2015\/12\/DSC02350.jpg\"><img loading=\"lazy\" decoding=\"async\" class=\"aligncenter size-large wp-image-1382\" src=\"https:\/\/plusvertailleurs.com\/wp-content\/uploads\/2015\/12\/DSC02350-850x566.jpg\" alt=\"DSC02350\" width=\"849\" height=\"565\" srcset=\"https:\/\/plusvertailleurs.com\/wp-content\/uploads\/2015\/12\/DSC02350-850x566.jpg 850w, https:\/\/plusvertailleurs.com\/wp-content\/uploads\/2015\/12\/DSC02350-300x200.jpg 300w, https:\/\/plusvertailleurs.com\/wp-content\/uploads\/2015\/12\/DSC02350-768x511.jpg 768w, https:\/\/plusvertailleurs.com\/wp-content\/uploads\/2015\/12\/DSC02350-1536x1022.jpg 1536w, https:\/\/plusvertailleurs.com\/wp-content\/uploads\/2015\/12\/DSC02350-2048x1363.jpg 2048w\" sizes=\"auto, (max-width: 849px) 100vw, 849px\" \/><\/a><\/p>\n<p style=\"text-align: justify;\"><a href=\"https:\/\/plusvertailleurs.com\/wp-content\/uploads\/2015\/12\/DSC02352.jpg\"><img loading=\"lazy\" decoding=\"async\" class=\"aligncenter size-large wp-image-1383\" src=\"https:\/\/plusvertailleurs.com\/wp-content\/uploads\/2015\/12\/DSC02352-850x566.jpg\" alt=\"DSC02352\" width=\"849\" height=\"565\" srcset=\"https:\/\/plusvertailleurs.com\/wp-content\/uploads\/2015\/12\/DSC02352-850x566.jpg 850w, https:\/\/plusvertailleurs.com\/wp-content\/uploads\/2015\/12\/DSC02352-300x200.jpg 300w, https:\/\/plusvertailleurs.com\/wp-content\/uploads\/2015\/12\/DSC02352-768x511.jpg 768w, https:\/\/plusvertailleurs.com\/wp-content\/uploads\/2015\/12\/DSC02352-1536x1022.jpg 1536w, https:\/\/plusvertailleurs.com\/wp-content\/uploads\/2015\/12\/DSC02352-2048x1363.jpg 2048w\" sizes=\"auto, (max-width: 849px) 100vw, 849px\" \/><\/a><\/p>\n<p style=\"text-align: justify;\"><div class=\"pullquote pullquote-left\">\nL&rsquo;arbre magique<br \/>\n<\/div>\n<p style=\"text-align: justify;\">Dans le parc de Nara nous sommes tomb\u00e9s sur un groupe qui fixait et photographiait cet arbre. En fait c&rsquo;est un arbre vivant o\u00f9 il pousse des bambous dans son tronc. Il faut dire que le bambou est tr\u00e8s v\u00e9n\u00e9r\u00e9 au Japon, il est un symbole de la pl\u00e9nitude du n\u00e9ant car il cro\u00eet autour du vide en plus d&rsquo;\u00eatre un symbole de fertilit\u00e9, donc pour eux cet arbre transperc\u00e9 est assez magique&#8230;.<\/p>\n<p style=\"text-align: justify;\"><a href=\"https:\/\/plusvertailleurs.com\/wp-content\/uploads\/2015\/12\/nara3.jpg\"><img loading=\"lazy\" decoding=\"async\" class=\"aligncenter size-large wp-image-1395\" src=\"https:\/\/plusvertailleurs.com\/wp-content\/uploads\/2015\/12\/nara3-850x582.jpg\" alt=\"nara3\" width=\"849\" height=\"581\" srcset=\"https:\/\/plusvertailleurs.com\/wp-content\/uploads\/2015\/12\/nara3-850x582.jpg 850w, https:\/\/plusvertailleurs.com\/wp-content\/uploads\/2015\/12\/nara3-300x205.jpg 300w, https:\/\/plusvertailleurs.com\/wp-content\/uploads\/2015\/12\/nara3-768x526.jpg 768w, https:\/\/plusvertailleurs.com\/wp-content\/uploads\/2015\/12\/nara3-1536x1052.jpg 1536w, https:\/\/plusvertailleurs.com\/wp-content\/uploads\/2015\/12\/nara3-2048x1402.jpg 2048w, https:\/\/plusvertailleurs.com\/wp-content\/uploads\/2015\/12\/nara3-262x180.jpg 262w\" sizes=\"auto, (max-width: 849px) 100vw, 849px\" \/><\/a><\/p>\n<p style=\"text-align: justify;\"><div class=\"pullquote pullquote-left\">\nTemple Todai-Ji<br \/>\n<\/div>\n<p style=\"text-align: justify;\">Les monuments historiques de la ville de Nara sont inscrits au <strong>patrimoine mondial de l\u2019humanit\u00e9<\/strong> depuis 1998. C\u2019est aussi la ville du temple bouddhiste <strong>Todai-Ji<\/strong>. Un temple que nous avons ador\u00e9. Il est grand, il est beau et y\u2019a bah oui\u2026 malheureusement plein de touristes, mais la visite en vaut la peine !<\/p>\n<p style=\"text-align: justify;\"><a href=\"https:\/\/plusvertailleurs.com\/wp-content\/uploads\/2015\/12\/DSC02361.jpg\"><img loading=\"lazy\" decoding=\"async\" class=\"aligncenter size-large wp-image-1377\" src=\"https:\/\/plusvertailleurs.com\/wp-content\/uploads\/2015\/12\/DSC02361-850x566.jpg\" alt=\"DSC02361\" width=\"849\" height=\"565\" srcset=\"https:\/\/plusvertailleurs.com\/wp-content\/uploads\/2015\/12\/DSC02361-850x566.jpg 850w, https:\/\/plusvertailleurs.com\/wp-content\/uploads\/2015\/12\/DSC02361-300x200.jpg 300w, https:\/\/plusvertailleurs.com\/wp-content\/uploads\/2015\/12\/DSC02361-768x511.jpg 768w, https:\/\/plusvertailleurs.com\/wp-content\/uploads\/2015\/12\/DSC02361-1536x1022.jpg 1536w, https:\/\/plusvertailleurs.com\/wp-content\/uploads\/2015\/12\/DSC02361-2048x1363.jpg 2048w\" sizes=\"auto, (max-width: 849px) 100vw, 849px\" \/><\/a><\/p>\n<div id=\"attachment_1388\" style=\"width: 859px\" class=\"wp-caption aligncenter\"><a href=\"https:\/\/plusvertailleurs.com\/wp-content\/uploads\/2015\/12\/nara4.jpg\"><img loading=\"lazy\" decoding=\"async\" aria-describedby=\"caption-attachment-1388\" class=\"wp-image-1388 size-large\" src=\"https:\/\/plusvertailleurs.com\/wp-content\/uploads\/2015\/12\/nara4-850x722.jpg\" alt=\"nara4\" width=\"849\" height=\"721\" srcset=\"https:\/\/plusvertailleurs.com\/wp-content\/uploads\/2015\/12\/nara4-850x722.jpg 850w, https:\/\/plusvertailleurs.com\/wp-content\/uploads\/2015\/12\/nara4-300x255.jpg 300w, https:\/\/plusvertailleurs.com\/wp-content\/uploads\/2015\/12\/nara4-768x652.jpg 768w, https:\/\/plusvertailleurs.com\/wp-content\/uploads\/2015\/12\/nara4-1536x1304.jpg 1536w, https:\/\/plusvertailleurs.com\/wp-content\/uploads\/2015\/12\/nara4-2048x1739.jpg 2048w\" sizes=\"auto, (max-width: 849px) 100vw, 849px\" \/><\/a><p id=\"caption-attachment-1388\" class=\"wp-caption-text\"><span style=\"color: #000000;\">Ils sont partout, partout, partout&#8230;<\/span><\/p><\/div>\n<div id=\"attachment_1378\" style=\"width: 859px\" class=\"wp-caption aligncenter\"><a href=\"https:\/\/plusvertailleurs.com\/wp-content\/uploads\/2015\/12\/DSC02427.jpg\"><img loading=\"lazy\" decoding=\"async\" aria-describedby=\"caption-attachment-1378\" class=\"wp-image-1378 size-large\" src=\"https:\/\/plusvertailleurs.com\/wp-content\/uploads\/2015\/12\/DSC02427-850x566.jpg\" alt=\"DSC02427\" width=\"849\" height=\"565\" srcset=\"https:\/\/plusvertailleurs.com\/wp-content\/uploads\/2015\/12\/DSC02427-850x566.jpg 850w, https:\/\/plusvertailleurs.com\/wp-content\/uploads\/2015\/12\/DSC02427-300x200.jpg 300w, https:\/\/plusvertailleurs.com\/wp-content\/uploads\/2015\/12\/DSC02427-768x511.jpg 768w, https:\/\/plusvertailleurs.com\/wp-content\/uploads\/2015\/12\/DSC02427-1536x1022.jpg 1536w, https:\/\/plusvertailleurs.com\/wp-content\/uploads\/2015\/12\/DSC02427-2048x1363.jpg 2048w\" sizes=\"auto, (max-width: 849px) 100vw, 849px\" \/><\/a><p id=\"caption-attachment-1378\" class=\"wp-caption-text\">C&rsquo;est un fait, il y a du monde !<\/p><\/div>\n<p style=\"text-align: justify;\"><a href=\"https:\/\/plusvertailleurs.com\/wp-content\/uploads\/2015\/12\/nara5.jpg\"><img loading=\"lazy\" decoding=\"async\" class=\"aligncenter size-large wp-image-1386\" src=\"https:\/\/plusvertailleurs.com\/wp-content\/uploads\/2015\/12\/nara5-850x426.jpg\" alt=\"nara5\" width=\"849\" height=\"425\" srcset=\"https:\/\/plusvertailleurs.com\/wp-content\/uploads\/2015\/12\/nara5-850x426.jpg 850w, https:\/\/plusvertailleurs.com\/wp-content\/uploads\/2015\/12\/nara5-300x150.jpg 300w, https:\/\/plusvertailleurs.com\/wp-content\/uploads\/2015\/12\/nara5-768x385.jpg 768w, https:\/\/plusvertailleurs.com\/wp-content\/uploads\/2015\/12\/nara5-1536x770.jpg 1536w, https:\/\/plusvertailleurs.com\/wp-content\/uploads\/2015\/12\/nara5-2048x1026.jpg 2048w\" sizes=\"auto, (max-width: 849px) 100vw, 849px\" \/><\/a><a href=\"https:\/\/plusvertailleurs.com\/wp-content\/uploads\/2015\/12\/DSC02471.jpg\"><img loading=\"lazy\" decoding=\"async\" class=\"aligncenter size-large wp-image-1379\" src=\"https:\/\/plusvertailleurs.com\/wp-content\/uploads\/2015\/12\/DSC02471-850x566.jpg\" alt=\"DSC02471\" width=\"849\" height=\"565\" srcset=\"https:\/\/plusvertailleurs.com\/wp-content\/uploads\/2015\/12\/DSC02471-850x566.jpg 850w, https:\/\/plusvertailleurs.com\/wp-content\/uploads\/2015\/12\/DSC02471-300x200.jpg 300w, https:\/\/plusvertailleurs.com\/wp-content\/uploads\/2015\/12\/DSC02471-768x511.jpg 768w, https:\/\/plusvertailleurs.com\/wp-content\/uploads\/2015\/12\/DSC02471-1536x1022.jpg 1536w, https:\/\/plusvertailleurs.com\/wp-content\/uploads\/2015\/12\/DSC02471-2048x1363.jpg 2048w\" sizes=\"auto, (max-width: 849px) 100vw, 849px\" \/><\/a><\/p>\n<p style=\"text-align: justify;\"><div class=\"pullquote pullquote-left\">\nOkumura Commemorative museum<br \/>\n<\/div>\n<p style=\"text-align: justify;\">Envie de conna\u00eetre l\u2019effet d\u2019un tremblement de terre de niveau 7 ? Rendez-vous au mus\u00e9e du s\u00e9isme <strong>Okumura Commemorative Museum<\/strong> (\u00e0 quelque pas du temple). Nous avons particuli\u00e8rement aim\u00e9 cet endroit qui en passant est totalement gratuit et totalement d\u00e9sert, car peu de touristes connaissent le filon. Donc nous n\u2019avons pas eu \u00e0 attendre pour essayer leur simulateur de tremblement de terre (d\u2019ailleurs, nous avions toute l\u2019\u00e9quipe du mus\u00e9e juste pour nous). L\u2019effet est tr\u00e8s \u00e9trange, on vous recommande d\u2019essayer. Pour les peureux ne vous en faites pas, on vous attache solidement !<\/p>\n<p style=\"text-align: justify;\"><a href=\"https:\/\/plusvertailleurs.com\/wp-content\/uploads\/2015\/12\/musee.jpg\"><img loading=\"lazy\" decoding=\"async\" class=\"aligncenter size-full wp-image-1392\" src=\"https:\/\/plusvertailleurs.com\/wp-content\/uploads\/2015\/12\/musee.jpg\" alt=\"musee\" width=\"727\" height=\"1307\" srcset=\"https:\/\/plusvertailleurs.com\/wp-content\/uploads\/2015\/12\/musee.jpg 727w, https:\/\/plusvertailleurs.com\/wp-content\/uploads\/2015\/12\/musee-300x539.jpg 300w\" sizes=\"auto, (max-width: 727px) 100vw, 727px\" \/><\/a><\/p>\n<p style=\"text-align: justify;\">Nous partons du Japon dans moins d\u2019une semaine (eh oui h\u00e9las !) et nous n\u2019aurons pas v\u00e9cu de tremblements de terre (et ce n\u2019est pas moi qui vais me plaindre). C\u2019\u00e9tait donc l\u2019occasion pour moi et Wesley de sentir les effets.<\/p>\n<p style=\"text-align: justify;\">Nara est la ville o\u00f9 j\u2019aimerais revenir au Japon. M\u00eame s\u2019il y a beaucoup de touristes, il r\u00e8gne ici une certaine pl\u00e9nitude. Peut-\u00eatre parce qu\u2019il y a des espaces verts partout. Peut-\u00eatre \u00e0 cause qu\u2019il y a moins d\u2019immeubles que dans les autres villes que nous avons fait\u2026 qui sait, mais d\u00e9finitivement, je vais dire comme les autres, vous devez passer par Nara si vous venez au Japon !<\/p>\n<p style=\"text-align: justify;\">Petite vid\u00e9o des cerfs que nous avons tourn\u00e9 de nuits \u00e0 Nara&#8230; Disons qu&rsquo;en soir\u00e9e ils sont tr\u00e8s bavards !<\/p>\n<p><iframe loading=\"lazy\" width=\"849\" height=\"478\" src=\"https:\/\/www.youtube.com\/embed\/kOuXfT-lOEI?feature=oembed\" frameborder=\"0\" allowfullscreen><\/iframe><\/p>\n","protected":false},"excerpt":{"rendered":"<p>On nous a dit, si vous allez au Japon, il faut absolument que vous passiez par Nara ! C\u2019est ce qu\u2019on a fait \u00e0 partir d\u2019Osaka, sinc\u00e8rement on ne le regrette pas ! Nara c\u2019est la ville du p\u00e8re Noel. Il y a une invasion de petits cerfs, un peu comme les singes \u00e0 Lopburi [&hellip;]<\/p>\n","protected":false},"author":2,"featured_media":1385,"comment_status":"open","ping_status":"open","sticky":false,"template":"","format":"standard","meta":{"footnotes":""},"categories":[16,27],"tags":[80,107,183,239,252,318,325,334],"class_list":["post-1376","post","type-post","status-publish","format-standard","has-post-thumbnail","hentry","category-japon","category-nara","tag-bambous","tag-cerfs","tag-japon","tag-nara","tag-okumura-commemorative-museum","tag-temple","tag-todaiji-temple","tag-tremblement-de-terre"],"yoast_head":"<!-- This site is optimized with the Yoast SEO plugin v27.5 - https:\/\/yoast.com\/product\/yoast-seo-wordpress\/ -->\n<title>Nara au Japon - Plus vert ailleurs<\/title>\n<meta name=\"robots\" content=\"index, follow, max-snippet:-1, max-image-preview:large, max-video-preview:-1\" \/>\n<link rel=\"canonical\" href=\"https:\/\/plusvertailleurs.com\/index.php\/2015\/12\/04\/nara-au-japon\/\" \/>\n<meta property=\"og:locale\" content=\"fr_FR\" \/>\n<meta property=\"og:type\" content=\"article\" \/>\n<meta property=\"og:title\" content=\"Nara au Japon - Plus vert ailleurs\" \/>\n<meta property=\"og:description\" content=\"On nous a dit, si vous allez au Japon, il faut absolument que vous passiez par Nara ! C\u2019est ce qu\u2019on a fait \u00e0 partir d\u2019Osaka, sinc\u00e8rement on ne le regrette pas ! Nara c\u2019est la ville du p\u00e8re Noel. Il y a une invasion de petits cerfs, un peu comme les singes \u00e0 Lopburi [&hellip;]\" \/>\n<meta property=\"og:url\" content=\"https:\/\/plusvertailleurs.com\/index.php\/2015\/12\/04\/nara-au-japon\/\" \/>\n<meta property=\"og:site_name\" content=\"Plus vert ailleurs\" \/>\n<meta property=\"article:published_time\" content=\"2015-12-04T12:18:30+00:00\" \/>\n<meta property=\"og:image\" content=\"https:\/\/plusvertailleurs.com\/wp-content\/uploads\/2015\/12\/nara-scaled.jpg\" \/>\n\t<meta property=\"og:image:width\" content=\"2560\" \/>\n\t<meta property=\"og:image:height\" content=\"1704\" \/>\n\t<meta property=\"og:image:type\" content=\"image\/jpeg\" \/>\n<meta name=\"author\" content=\"Chantale\" \/>\n<meta name=\"twitter:card\" content=\"summary_large_image\" \/>\n<meta name=\"twitter:label1\" content=\"\u00c9crit par\" \/>\n\t<meta name=\"twitter:data1\" content=\"Chantale\" \/>\n\t<meta name=\"twitter:label2\" content=\"Dur\u00e9e de lecture estim\u00e9e\" \/>\n\t<meta name=\"twitter:data2\" content=\"3 minutes\" \/>\n<script type=\"application\/ld+json\" class=\"yoast-schema-graph\">{\"@context\":\"https:\\\/\\\/schema.org\",\"@graph\":[{\"@type\":\"Article\",\"@id\":\"https:\\\/\\\/plusvertailleurs.com\\\/index.php\\\/2015\\\/12\\\/04\\\/nara-au-japon\\\/#article\",\"isPartOf\":{\"@id\":\"https:\\\/\\\/plusvertailleurs.com\\\/index.php\\\/2015\\\/12\\\/04\\\/nara-au-japon\\\/\"},\"author\":{\"name\":\"Chantale\",\"@id\":\"https:\\\/\\\/plusvertailleurs.com\\\/#\\\/schema\\\/person\\\/817bd7f1199e438a5af016107ebef360\"},\"headline\":\"Nara au Japon\",\"datePublished\":\"2015-12-04T12:18:30+00:00\",\"mainEntityOfPage\":{\"@id\":\"https:\\\/\\\/plusvertailleurs.com\\\/index.php\\\/2015\\\/12\\\/04\\\/nara-au-japon\\\/\"},\"wordCount\":585,\"commentCount\":2,\"publisher\":{\"@id\":\"https:\\\/\\\/plusvertailleurs.com\\\/#organization\"},\"image\":{\"@id\":\"https:\\\/\\\/plusvertailleurs.com\\\/index.php\\\/2015\\\/12\\\/04\\\/nara-au-japon\\\/#primaryimage\"},\"thumbnailUrl\":\"https:\\\/\\\/plusvertailleurs.com\\\/wp-content\\\/uploads\\\/2015\\\/12\\\/nara-scaled.jpg\",\"keywords\":[\"bambous\",\"cerfs\",\"Japon\",\"nara\",\"Okumura Commemorative museum\",\"temple\",\"Todaiji Temple\",\"tremblement de terre\"],\"articleSection\":[\"Japon\",\"Nara\"],\"inLanguage\":\"fr-FR\",\"potentialAction\":[{\"@type\":\"CommentAction\",\"name\":\"Comment\",\"target\":[\"https:\\\/\\\/plusvertailleurs.com\\\/index.php\\\/2015\\\/12\\\/04\\\/nara-au-japon\\\/#respond\"]}]},{\"@type\":\"WebPage\",\"@id\":\"https:\\\/\\\/plusvertailleurs.com\\\/index.php\\\/2015\\\/12\\\/04\\\/nara-au-japon\\\/\",\"url\":\"https:\\\/\\\/plusvertailleurs.com\\\/index.php\\\/2015\\\/12\\\/04\\\/nara-au-japon\\\/\",\"name\":\"Nara au Japon - Plus vert ailleurs\",\"isPartOf\":{\"@id\":\"https:\\\/\\\/plusvertailleurs.com\\\/#website\"},\"primaryImageOfPage\":{\"@id\":\"https:\\\/\\\/plusvertailleurs.com\\\/index.php\\\/2015\\\/12\\\/04\\\/nara-au-japon\\\/#primaryimage\"},\"image\":{\"@id\":\"https:\\\/\\\/plusvertailleurs.com\\\/index.php\\\/2015\\\/12\\\/04\\\/nara-au-japon\\\/#primaryimage\"},\"thumbnailUrl\":\"https:\\\/\\\/plusvertailleurs.com\\\/wp-content\\\/uploads\\\/2015\\\/12\\\/nara-scaled.jpg\",\"datePublished\":\"2015-12-04T12:18:30+00:00\",\"breadcrumb\":{\"@id\":\"https:\\\/\\\/plusvertailleurs.com\\\/index.php\\\/2015\\\/12\\\/04\\\/nara-au-japon\\\/#breadcrumb\"},\"inLanguage\":\"fr-FR\",\"potentialAction\":[{\"@type\":\"ReadAction\",\"target\":[\"https:\\\/\\\/plusvertailleurs.com\\\/index.php\\\/2015\\\/12\\\/04\\\/nara-au-japon\\\/\"]}]},{\"@type\":\"ImageObject\",\"inLanguage\":\"fr-FR\",\"@id\":\"https:\\\/\\\/plusvertailleurs.com\\\/index.php\\\/2015\\\/12\\\/04\\\/nara-au-japon\\\/#primaryimage\",\"url\":\"https:\\\/\\\/plusvertailleurs.com\\\/wp-content\\\/uploads\\\/2015\\\/12\\\/nara-scaled.jpg\",\"contentUrl\":\"https:\\\/\\\/plusvertailleurs.com\\\/wp-content\\\/uploads\\\/2015\\\/12\\\/nara-scaled.jpg\",\"width\":2560,\"height\":1704},{\"@type\":\"BreadcrumbList\",\"@id\":\"https:\\\/\\\/plusvertailleurs.com\\\/index.php\\\/2015\\\/12\\\/04\\\/nara-au-japon\\\/#breadcrumb\",\"itemListElement\":[{\"@type\":\"ListItem\",\"position\":1,\"name\":\"Accueil\",\"item\":\"https:\\\/\\\/plusvertailleurs.com\\\/\"},{\"@type\":\"ListItem\",\"position\":2,\"name\":\"Nara au Japon\"}]},{\"@type\":\"WebSite\",\"@id\":\"https:\\\/\\\/plusvertailleurs.com\\\/#website\",\"url\":\"https:\\\/\\\/plusvertailleurs.com\\\/\",\"name\":\"Plus vert ailleurs\",\"description\":\"\",\"publisher\":{\"@id\":\"https:\\\/\\\/plusvertailleurs.com\\\/#organization\"},\"potentialAction\":[{\"@type\":\"SearchAction\",\"target\":{\"@type\":\"EntryPoint\",\"urlTemplate\":\"https:\\\/\\\/plusvertailleurs.com\\\/?s={search_term_string}\"},\"query-input\":{\"@type\":\"PropertyValueSpecification\",\"valueRequired\":true,\"valueName\":\"search_term_string\"}}],\"inLanguage\":\"fr-FR\"},{\"@type\":\"Organization\",\"@id\":\"https:\\\/\\\/plusvertailleurs.com\\\/#organization\",\"name\":\"Plus vert ailleurs\",\"url\":\"https:\\\/\\\/plusvertailleurs.com\\\/\",\"logo\":{\"@type\":\"ImageObject\",\"inLanguage\":\"fr-FR\",\"@id\":\"https:\\\/\\\/plusvertailleurs.com\\\/#\\\/schema\\\/logo\\\/image\\\/\",\"url\":\"https:\\\/\\\/plusvertailleurs.com\\\/wp-content\\\/uploads\\\/2022\\\/12\\\/cropped-logo_1.png\",\"contentUrl\":\"https:\\\/\\\/plusvertailleurs.com\\\/wp-content\\\/uploads\\\/2022\\\/12\\\/cropped-logo_1.png\",\"width\":1024,\"height\":420,\"caption\":\"Plus vert ailleurs\"},\"image\":{\"@id\":\"https:\\\/\\\/plusvertailleurs.com\\\/#\\\/schema\\\/logo\\\/image\\\/\"}},{\"@type\":\"Person\",\"@id\":\"https:\\\/\\\/plusvertailleurs.com\\\/#\\\/schema\\\/person\\\/817bd7f1199e438a5af016107ebef360\",\"name\":\"Chantale\",\"image\":{\"@type\":\"ImageObject\",\"inLanguage\":\"fr-FR\",\"@id\":\"https:\\\/\\\/secure.gravatar.com\\\/avatar\\\/c1271f47d31275e70b609d976440838b5e8bddcdf2f510efce67a27e201def5e?s=96&d=mm&r=g\",\"url\":\"https:\\\/\\\/secure.gravatar.com\\\/avatar\\\/c1271f47d31275e70b609d976440838b5e8bddcdf2f510efce67a27e201def5e?s=96&d=mm&r=g\",\"contentUrl\":\"https:\\\/\\\/secure.gravatar.com\\\/avatar\\\/c1271f47d31275e70b609d976440838b5e8bddcdf2f510efce67a27e201def5e?s=96&d=mm&r=g\",\"caption\":\"Chantale\"},\"sameAs\":[\"https:\\\/\\\/plusvertailleurs.com\"],\"url\":\"https:\\\/\\\/plusvertailleurs.com\\\/index.php\\\/author\\\/chantale\\\/\"}]}<\/script>\n<!-- \/ Yoast SEO plugin. -->","yoast_head_json":{"title":"Nara au Japon - Plus vert ailleurs","robots":{"index":"index","follow":"follow","max-snippet":"max-snippet:-1","max-image-preview":"max-image-preview:large","max-video-preview":"max-video-preview:-1"},"canonical":"https:\/\/plusvertailleurs.com\/index.php\/2015\/12\/04\/nara-au-japon\/","og_locale":"fr_FR","og_type":"article","og_title":"Nara au Japon - Plus vert ailleurs","og_description":"On nous a dit, si vous allez au Japon, il faut absolument que vous passiez par Nara ! C\u2019est ce qu\u2019on a fait \u00e0 partir d\u2019Osaka, sinc\u00e8rement on ne le regrette pas ! Nara c\u2019est la ville du p\u00e8re Noel. Il y a une invasion de petits cerfs, un peu comme les singes \u00e0 Lopburi [&hellip;]","og_url":"https:\/\/plusvertailleurs.com\/index.php\/2015\/12\/04\/nara-au-japon\/","og_site_name":"Plus vert ailleurs","article_published_time":"2015-12-04T12:18:30+00:00","og_image":[{"width":2560,"height":1704,"url":"https:\/\/plusvertailleurs.com\/wp-content\/uploads\/2015\/12\/nara-scaled.jpg","type":"image\/jpeg"}],"author":"Chantale","twitter_card":"summary_large_image","twitter_misc":{"\u00c9crit par":"Chantale","Dur\u00e9e de lecture estim\u00e9e":"3 minutes"},"schema":{"@context":"https:\/\/schema.org","@graph":[{"@type":"Article","@id":"https:\/\/plusvertailleurs.com\/index.php\/2015\/12\/04\/nara-au-japon\/#article","isPartOf":{"@id":"https:\/\/plusvertailleurs.com\/index.php\/2015\/12\/04\/nara-au-japon\/"},"author":{"name":"Chantale","@id":"https:\/\/plusvertailleurs.com\/#\/schema\/person\/817bd7f1199e438a5af016107ebef360"},"headline":"Nara au Japon","datePublished":"2015-12-04T12:18:30+00:00","mainEntityOfPage":{"@id":"https:\/\/plusvertailleurs.com\/index.php\/2015\/12\/04\/nara-au-japon\/"},"wordCount":585,"commentCount":2,"publisher":{"@id":"https:\/\/plusvertailleurs.com\/#organization"},"image":{"@id":"https:\/\/plusvertailleurs.com\/index.php\/2015\/12\/04\/nara-au-japon\/#primaryimage"},"thumbnailUrl":"https:\/\/plusvertailleurs.com\/wp-content\/uploads\/2015\/12\/nara-scaled.jpg","keywords":["bambous","cerfs","Japon","nara","Okumura Commemorative museum","temple","Todaiji Temple","tremblement de terre"],"articleSection":["Japon","Nara"],"inLanguage":"fr-FR","potentialAction":[{"@type":"CommentAction","name":"Comment","target":["https:\/\/plusvertailleurs.com\/index.php\/2015\/12\/04\/nara-au-japon\/#respond"]}]},{"@type":"WebPage","@id":"https:\/\/plusvertailleurs.com\/index.php\/2015\/12\/04\/nara-au-japon\/","url":"https:\/\/plusvertailleurs.com\/index.php\/2015\/12\/04\/nara-au-japon\/","name":"Nara au Japon - Plus vert ailleurs","isPartOf":{"@id":"https:\/\/plusvertailleurs.com\/#website"},"primaryImageOfPage":{"@id":"https:\/\/plusvertailleurs.com\/index.php\/2015\/12\/04\/nara-au-japon\/#primaryimage"},"image":{"@id":"https:\/\/plusvertailleurs.com\/index.php\/2015\/12\/04\/nara-au-japon\/#primaryimage"},"thumbnailUrl":"https:\/\/plusvertailleurs.com\/wp-content\/uploads\/2015\/12\/nara-scaled.jpg","datePublished":"2015-12-04T12:18:30+00:00","breadcrumb":{"@id":"https:\/\/plusvertailleurs.com\/index.php\/2015\/12\/04\/nara-au-japon\/#breadcrumb"},"inLanguage":"fr-FR","potentialAction":[{"@type":"ReadAction","target":["https:\/\/plusvertailleurs.com\/index.php\/2015\/12\/04\/nara-au-japon\/"]}]},{"@type":"ImageObject","inLanguage":"fr-FR","@id":"https:\/\/plusvertailleurs.com\/index.php\/2015\/12\/04\/nara-au-japon\/#primaryimage","url":"https:\/\/plusvertailleurs.com\/wp-content\/uploads\/2015\/12\/nara-scaled.jpg","contentUrl":"https:\/\/plusvertailleurs.com\/wp-content\/uploads\/2015\/12\/nara-scaled.jpg","width":2560,"height":1704},{"@type":"BreadcrumbList","@id":"https:\/\/plusvertailleurs.com\/index.php\/2015\/12\/04\/nara-au-japon\/#breadcrumb","itemListElement":[{"@type":"ListItem","position":1,"name":"Accueil","item":"https:\/\/plusvertailleurs.com\/"},{"@type":"ListItem","position":2,"name":"Nara au Japon"}]},{"@type":"WebSite","@id":"https:\/\/plusvertailleurs.com\/#website","url":"https:\/\/plusvertailleurs.com\/","name":"Plus vert ailleurs","description":"","publisher":{"@id":"https:\/\/plusvertailleurs.com\/#organization"},"potentialAction":[{"@type":"SearchAction","target":{"@type":"EntryPoint","urlTemplate":"https:\/\/plusvertailleurs.com\/?s={search_term_string}"},"query-input":{"@type":"PropertyValueSpecification","valueRequired":true,"valueName":"search_term_string"}}],"inLanguage":"fr-FR"},{"@type":"Organization","@id":"https:\/\/plusvertailleurs.com\/#organization","name":"Plus vert ailleurs","url":"https:\/\/plusvertailleurs.com\/","logo":{"@type":"ImageObject","inLanguage":"fr-FR","@id":"https:\/\/plusvertailleurs.com\/#\/schema\/logo\/image\/","url":"https:\/\/plusvertailleurs.com\/wp-content\/uploads\/2022\/12\/cropped-logo_1.png","contentUrl":"https:\/\/plusvertailleurs.com\/wp-content\/uploads\/2022\/12\/cropped-logo_1.png","width":1024,"height":420,"caption":"Plus vert ailleurs"},"image":{"@id":"https:\/\/plusvertailleurs.com\/#\/schema\/logo\/image\/"}},{"@type":"Person","@id":"https:\/\/plusvertailleurs.com\/#\/schema\/person\/817bd7f1199e438a5af016107ebef360","name":"Chantale","image":{"@type":"ImageObject","inLanguage":"fr-FR","@id":"https:\/\/secure.gravatar.com\/avatar\/c1271f47d31275e70b609d976440838b5e8bddcdf2f510efce67a27e201def5e?s=96&d=mm&r=g","url":"https:\/\/secure.gravatar.com\/avatar\/c1271f47d31275e70b609d976440838b5e8bddcdf2f510efce67a27e201def5e?s=96&d=mm&r=g","contentUrl":"https:\/\/secure.gravatar.com\/avatar\/c1271f47d31275e70b609d976440838b5e8bddcdf2f510efce67a27e201def5e?s=96&d=mm&r=g","caption":"Chantale"},"sameAs":["https:\/\/plusvertailleurs.com"],"url":"https:\/\/plusvertailleurs.com\/index.php\/author\/chantale\/"}]}},"_links":{"self":[{"href":"https:\/\/plusvertailleurs.com\/index.php\/wp-json\/wp\/v2\/posts\/1376","targetHints":{"allow":["GET"]}}],"collection":[{"href":"https:\/\/plusvertailleurs.com\/index.php\/wp-json\/wp\/v2\/posts"}],"about":[{"href":"https:\/\/plusvertailleurs.com\/index.php\/wp-json\/wp\/v2\/types\/post"}],"author":[{"embeddable":true,"href":"https:\/\/plusvertailleurs.com\/index.php\/wp-json\/wp\/v2\/users\/2"}],"replies":[{"embeddable":true,"href":"https:\/\/plusvertailleurs.com\/index.php\/wp-json\/wp\/v2\/comments?post=1376"}],"version-history":[{"count":0,"href":"https:\/\/plusvertailleurs.com\/index.php\/wp-json\/wp\/v2\/posts\/1376\/revisions"}],"wp:featuredmedia":[{"embeddable":true,"href":"https:\/\/plusvertailleurs.com\/index.php\/wp-json\/wp\/v2\/media\/1385"}],"wp:attachment":[{"href":"https:\/\/plusvertailleurs.com\/index.php\/wp-json\/wp\/v2\/media?parent=1376"}],"wp:term":[{"taxonomy":"category","embeddable":true,"href":"https:\/\/plusvertailleurs.com\/index.php\/wp-json\/wp\/v2\/categories?post=1376"},{"taxonomy":"post_tag","embeddable":true,"href":"https:\/\/plusvertailleurs.com\/index.php\/wp-json\/wp\/v2\/tags?post=1376"}],"curies":[{"name":"wp","href":"https:\/\/api.w.org\/{rel}","templated":true}]}}